{"id":7,"count":1,"description":"On explore l\u2019\u00e9volution du visage humain dans l\u2019histoire de l\u2019art, depuis les portraits fun\u00e9raires du Fayoum jusqu\u2019aux chefs-d\u2019\u0153uvre de la Renaissance. D\u2019abord m\u00e9moire des morts, puis instrument du pouvoir romain, ic\u00f4ne spirituelle au Moyen \u00c2ge, le portrait devient peu \u00e0 peu le lieu o\u00f9 s\u2019exprime l\u2019individualit\u00e9. Avec les Primitifs flamands, il gagne en pr\u00e9cision et en intimit\u00e9 ; avec la Renaissance italienne, il s\u2019impr\u00e8gne d\u2019humanisme et r\u00e9v\u00e8le l\u2019\u00e2me du mod\u00e8le. Cette progression trouve son aboutissement dans la Joconde, symbole d\u2019un visage devenu pr\u00e9sence. \u00c0 travers ces \u0153uvres, le portrait raconte non seulement une personne, mais aussi une \u00e9poque - et la mani\u00e8re dont les soci\u00e9t\u00e9s choisissent de se repr\u00e9senter elles-m\u00eames.","link":"https:\/\/anadel.fr\/index.php\/category\/portraits-a-travers-les-ages\/","name":"Portraits \u00e0 travers les \u00e2ges","slug":"portraits-a-travers-les-ages","taxonomy":"category","parent":0,"meta":[],"_links":{"self":[{"href":"https:\/\/anadel.fr\/index.php\/wp-json\/wp\/v2\/categories\/7","targetHints":{"allow":["GET"]}}],"collection":[{"href":"https:\/\/anadel.fr\/index.php\/wp-json\/wp\/v2\/categories"}],"about":[{"href":"https:\/\/anadel.fr\/index.php\/wp-json\/wp\/v2\/taxonomies\/category"}],"wp:post_type":[{"href":"https:\/\/anadel.fr\/index.php\/wp-json\/wp\/v2\/posts?categories=7"}],"curies":[{"name":"wp","href":"https:\/\/api.w.org\/{rel}","templated":true}]}}