{"id":1081,"date":"2025-12-07T15:11:02","date_gmt":"2025-12-07T14:11:02","guid":{"rendered":"https:\/\/anadel.fr\/?p=1081"},"modified":"2025-12-07T15:16:14","modified_gmt":"2025-12-07T14:16:14","slug":"la-pudeur-chretienne","status":"publish","type":"post","link":"https:\/\/anadel.fr\/index.php\/2025\/12\/07\/la-pudeur-chretienne\/","title":{"rendered":"Mosa\u00efques de Saint-Vital"},"content":{"rendered":"\n<h2 class=\"wp-block-heading\">le corps symbolique<\/h2>\n\n\n\n<p>Dans la basilique Saint\u2011Vital \u00e0 Ravenne (VI\u1d49 si\u00e8cle), les mosa\u00efques repr\u00e9sentant Justinien et Th\u00e9odora montrent le corps selon le canon byzantin : frontal, rigide, hi\u00e9ratique. Le traitement n\u2019est plus naturaliste au sens antique ; les figures sont allong\u00e9es, peu model\u00e9es, et fonctionnent avant tout comme vecteurs de pouvoir et de sacr\u00e9, o\u00f9 chaque geste, chaque drap\u00e9, chaque accessoire signale un rang ou une fonction. <\/p>\n\n\n\n<p>Le corps n\u2019y est pas c\u00e9l\u00e9br\u00e9 pour sa beaut\u00e9 physique, mais pour sa valeur symbolique de m\u00e9diateur entre le divin et le terrestre.<\/p>\n\n\n\n<figure class=\"wp-block-image size-full\"><img loading=\"lazy\" decoding=\"async\" width=\"564\" height=\"367\" src=\"https:\/\/anadel.fr\/wp-content\/uploads\/2025\/12\/a-theodora-ravenne.jpg\" alt=\"\" class=\"wp-image-1082\" srcset=\"https:\/\/anadel.fr\/wp-content\/uploads\/2025\/12\/a-theodora-ravenne.jpg 564w, https:\/\/anadel.fr\/wp-content\/uploads\/2025\/12\/a-theodora-ravenne-300x195.jpg 300w\" sizes=\"auto, (max-width: 564px) 100vw, 564px\" \/><figcaption class=\"wp-element-caption\">.WI`<\/figcaption><\/figure>\n\n\n\n<p class=\"has-text-align-center\"><em><a href=\"https:\/\/panoramadelart.com\/analyse\/theodora-et-les-dignitaires-de-la-cour\">Th\u00e9odora et les dignitaires de la cour<\/a><\/em>, mosa\u00efque, Basilique Saint-Vital de Ravenne, 526-547<\/p>\n\n\n\n<p>Le portrait de Th\u00e9odora \u00e0 Saint\u2011Vital ne se limite pas \u00e0 la repr\u00e9sentation d\u2019un corps fig\u00e9 : il exprime un&nbsp;pouvoir sacralis\u00e9. Dans l\u2019abside de la basilique, face \u00e0 la procession de Justinien, l\u2019imp\u00e9ratrice avance entour\u00e9e de ses dames et de deux dignitaires, tenant un calice richement orn\u00e9 qu\u2019elle s\u2019appr\u00eate \u00e0 offrir \u00e0 l\u2019autel. Le d\u00e9cor somptueux souligne son prestige : manteau pourpre brod\u00e9 d\u2019or, parure de perles et pierres pr\u00e9cieuses, broderie repr\u00e9sentant les Rois mages au bas du v\u00eatement, rideau \u00e9cart\u00e9 par un serviteur, fontaine \u00e9voquant la proximit\u00e9 du sanctuaire.<\/p>\n\n\n\n<p>Tout dans la mosa\u00efque indique que le corps n\u2019est plus individuel, mais un corps de&nbsp;fonction. Les visages stylis\u00e9s condensent un statut plut\u00f4t qu\u2019une psychologie ; la frontalit\u00e9, l\u2019absence de perspective et la fixit\u00e9 des attitudes cr\u00e9ent une image intemporelle o\u00f9 la hi\u00e9rarchie se lit dans la taille des figures et la richesse des v\u00eatements : Th\u00e9odora, plus petite que Justinien mais plus grande que ses suivantes, occupe le centre de la composition.<\/p>\n\n\n\n<p>Le mouvement est lui-m\u00eame ritualis\u00e9 : la l\u00e9g\u00e8re avanc\u00e9e du pied, le geste mesur\u00e9 de la main portant le vase liturgique, l\u2019alignement des personnages composent une procession qui dialogue avec les sc\u00e8nes de sacrifice de l\u2019Ancien Testament de part et d\u2019autre de l\u2019autel.<\/p>\n\n\n\n<p>Au centre de sa suite, aur\u00e9ol\u00e9e et somptueusement v\u00eatue, l\u2019imp\u00e9ratrice voit son corps presque absorb\u00e9 par l\u2019apparat. Ce sont surtout la&nbsp;<em>t\u00eate, le regard frontal, la main tenant le calice et l\u2019ornementation du manteau<\/em>&nbsp;qui affirment sa pr\u00e9sence. Le corps cesse d\u2019\u00eatre un lieu d\u2019expressivit\u00e9 individuelle : il devient&nbsp;<em>support moral et politique<\/em>, incarnant l\u2019autorit\u00e9, la dignit\u00e9 et le r\u00f4le quasi liturgique de l\u2019imp\u00e9ratrice au sein de l\u2019Empire chr\u00e9tien.<\/p>\n\n\n\n<p>Sources :<\/p>\n\n\n\n<ol class=\"wp-block-list\">\n<li><a href=\"https:\/\/panoramadelart.com\/analyse\/theodora-et-les-dignitaires-de-la-cour\">Panorama de l&#8217;art<\/a><\/li>\n\n\n\n<li><a href=\"https:\/\/fr.wikipedia.org\/wiki\/Th\u00e9odora_%28imp\u00e9ratrice,_\u00e9pouse_de_Justinien_Ier%29\">Wikip\u00e9dia<\/a><\/li>\n<\/ol>\n","protected":false},"excerpt":{"rendered":"<p>le corps symbolique Dans la basilique Saint\u2011Vital \u00e0 Ravenne (VI\u1d49 si\u00e8cle), les mosa\u00efques repr\u00e9sentant Justinien et Th\u00e9odora montrent le corps selon le canon byzantin : frontal, rigide, hi\u00e9ratique. Le traitement n\u2019est plus naturaliste au sens antique ; les figures sont allong\u00e9es, peu model\u00e9es, et fonctionnent avant tout comme vecteurs de pouvoir et de sacr\u00e9, o\u00f9&hellip; <a class=\"more-link\" href=\"https:\/\/anadel.fr\/index.php\/2025\/12\/07\/la-pudeur-chretienne\/\">Continue reading <span class=\"screen-reader-text\">Mosa\u00efques de Saint-Vital<\/span><\/a><\/p>\n","protected":false},"author":1,"featured_media":0,"comment_status":"open","ping_status":"open","sticky":false,"template":"","format":"standard","meta":{"footnotes":""},"categories":[5],"tags":[],"class_list":["post-1081","post","type-post","status-publish","format-standard","hentry","category-intermedes-le-corps-dans-lhistoire-de-lart","entry"],"_links":{"self":[{"href":"https:\/\/anadel.fr\/index.php\/wp-json\/wp\/v2\/posts\/1081","targetHints":{"allow":["GET"]}}],"collection":[{"href":"https:\/\/anadel.fr\/index.php\/wp-json\/wp\/v2\/posts"}],"about":[{"href":"https:\/\/anadel.fr\/index.php\/wp-json\/wp\/v2\/types\/post"}],"author":[{"embeddable":true,"href":"https:\/\/anadel.fr\/index.php\/wp-json\/wp\/v2\/users\/1"}],"replies":[{"embeddable":true,"href":"https:\/\/anadel.fr\/index.php\/wp-json\/wp\/v2\/comments?post=1081"}],"version-history":[{"count":3,"href":"https:\/\/anadel.fr\/index.php\/wp-json\/wp\/v2\/posts\/1081\/revisions"}],"predecessor-version":[{"id":1088,"href":"https:\/\/anadel.fr\/index.php\/wp-json\/wp\/v2\/posts\/1081\/revisions\/1088"}],"wp:attachment":[{"href":"https:\/\/anadel.fr\/index.php\/wp-json\/wp\/v2\/media?parent=1081"}],"wp:term":[{"taxonomy":"category","embeddable":true,"href":"https:\/\/anadel.fr\/index.php\/wp-json\/wp\/v2\/categories?post=1081"},{"taxonomy":"post_tag","embeddable":true,"href":"https:\/\/anadel.fr\/index.php\/wp-json\/wp\/v2\/tags?post=1081"}],"curies":[{"name":"wp","href":"https:\/\/api.w.org\/{rel}","templated":true}]}}