{"id":1087,"date":"2025-12-07T15:27:00","date_gmt":"2025-12-07T14:27:00","guid":{"rendered":"https:\/\/anadel.fr\/?p=1087"},"modified":"2025-12-07T15:32:12","modified_gmt":"2025-12-07T14:32:12","slug":"creation-dadam","status":"publish","type":"post","link":"https:\/\/anadel.fr\/index.php\/2025\/12\/07\/creation-dadam\/","title":{"rendered":"Cr\u00e9ation d&#8217;Adam"},"content":{"rendered":"\n<p>Au c\u0153ur de la basilique Saint\u2011Marc \u00e0 Venise, les mosa\u00efques byzantines du narthex d\u00e9roulent le r\u00e9cit de la Gen\u00e8se, de la cr\u00e9ation du monde \u00e0 celle de l\u2019homme. Dans la sc\u00e8ne de la Cr\u00e9ation d\u2019Adam, Dieu n\u2019est pas pr\u00e9sent\u00e9 comme un vieillard lointain mais comme une figure active, presque artisanale : il se tient pr\u00e8s du premier homme, qu\u2019il vient de tirer de la terre et dont il fa\u00e7onne encore le corps. Adam, allong\u00e9 ou redress\u00e9 selon les \u00e9pisodes, garde quelque chose d\u2019un mod\u00e8le d\u2019atelier : formes encore rigides, absence de model\u00e9 anatomique naturaliste, mais d\u00e9j\u00e0 habit\u00e9 par le geste divin qui l\u2019anime.<a rel=\"noreferrer noopener\" target=\"_blank\" href=\"https:\/\/lesmanuelslibres.region-academique-idf.fr\/philosophie-terminale-pro\/Experiences%20esthetiques\/Lecon%20Peindre%20imiter%20nature\/Qu%20imite%20art%20quand%20il%20nature\/L%20origine%20de%20la%20peinture%20Pline%20l%20Ancien%20Extrait%20et%20questions.html\"><\/a>\u200b<\/p>\n\n\n\n<figure class=\"wp-block-image size-full is-resized\"><img loading=\"lazy\" decoding=\"async\" width=\"350\" height=\"383\" src=\"https:\/\/anadel.fr\/wp-content\/uploads\/2025\/12\/creation-monde.jpg\" alt=\"\" class=\"wp-image-1089\" style=\"width:390px;height:auto\" srcset=\"https:\/\/anadel.fr\/wp-content\/uploads\/2025\/12\/creation-monde.jpg 350w, https:\/\/anadel.fr\/wp-content\/uploads\/2025\/12\/creation-monde-274x300.jpg 274w\" sizes=\"auto, (max-width: 350px) 100vw, 350px\" \/><\/figure>\n\n\n\n<p class=\"has-text-align-center\"><em>Le cr\u00e9ation d&#8217;Adam<\/em>, mosa\u00efque, Basilique Saint Marco, Venise,        1215-1235<\/p>\n\n\n\n<p>Cette vision, h\u00e9rit\u00e9e de la tradition byzantine, met l\u2019accent sur le caract\u00e8re &#8220;fa\u00e7onn\u00e9&#8221; de l\u2019homme : Dieu appara\u00eet comme un cr\u00e9ateur qui mod\u00e8le l\u2019humanit\u00e9 \u00e0 partir de l\u2019argile, conform\u00e9ment au texte biblique qui fait d\u2019Adam un \u00eatre tir\u00e9 de la poussi\u00e8re du sol. <\/p>\n\n\n\n<p>L\u2019image insiste moins sur un corps id\u00e9al, harmonieux \u00e0 la mani\u00e8re de la Renaissance, que sur le processus m\u00eame de la cr\u00e9ation : la proximit\u00e9 entre Dieu et l\u2019homme, la fragilit\u00e9 de ce corps encore raide, et le pouvoir absolu du geste qui lui donne vie.<a href=\"https:\/\/lesmanuelslibres.region-academique-idf.fr\/philosophie-terminale-pro\/Experiences%20esthetiques\/Lecon%20Peindre%20imiter%20nature\/Qu%20imite%20art%20quand%20il%20nature\/L%20origine%20de%20la%20peinture%20Pline%20l%20Ancien%20Extrait%20et%20questions.html\" target=\"_blank\" rel=\"noreferrer noopener\"><\/a>\u200b<\/p>\n\n\n\n<p>\u00c0 Saint\u2011Marc, Adam devient ainsi le signe visible de cette puissance cr\u00e9atrice : une figure qui rappelle que l\u2019humanit\u00e9 na\u00eet de la mati\u00e8re la plus humble &#8211; la terre &#8211; mais qu\u2019elle est travers\u00e9e par le souffle divin qui l\u2019arrache \u00e0 l\u2019inertie pour l\u2019introduire dans l\u2019histoire.<\/p>\n\n\n\n<hr class=\"wp-block-separator has-alpha-channel-opacity\"\/>\n\n\n\n<p>L\u2019homme n\u2019est plus un mod\u00e8le charnel, mais un\u00a0vecteur de vie et de puissance divine, un corps en devenir qui symbolise la gen\u00e8se et la relation sacr\u00e9e entre l\u2019homme et le divin.<\/p>\n","protected":false},"excerpt":{"rendered":"<p>Au c\u0153ur de la basilique Saint\u2011Marc \u00e0 Venise, les mosa\u00efques byzantines du narthex d\u00e9roulent le r\u00e9cit de la Gen\u00e8se, de la cr\u00e9ation du monde \u00e0 celle de l\u2019homme. Dans la sc\u00e8ne de la Cr\u00e9ation d\u2019Adam, Dieu n\u2019est pas pr\u00e9sent\u00e9 comme un vieillard lointain mais comme une figure active, presque artisanale : il se tient pr\u00e8s&hellip; <a class=\"more-link\" href=\"https:\/\/anadel.fr\/index.php\/2025\/12\/07\/creation-dadam\/\">Continue reading <span class=\"screen-reader-text\">Cr\u00e9ation d&#8217;Adam<\/span><\/a><\/p>\n","protected":false},"author":1,"featured_media":0,"comment_status":"open","ping_status":"open","sticky":false,"template":"","format":"standard","meta":{"footnotes":""},"categories":[5],"tags":[],"class_list":["post-1087","post","type-post","status-publish","format-standard","hentry","category-intermedes-le-corps-dans-lhistoire-de-lart","entry"],"_links":{"self":[{"href":"https:\/\/anadel.fr\/index.php\/wp-json\/wp\/v2\/posts\/1087","targetHints":{"allow":["GET"]}}],"collection":[{"href":"https:\/\/anadel.fr\/index.php\/wp-json\/wp\/v2\/posts"}],"about":[{"href":"https:\/\/anadel.fr\/index.php\/wp-json\/wp\/v2\/types\/post"}],"author":[{"embeddable":true,"href":"https:\/\/anadel.fr\/index.php\/wp-json\/wp\/v2\/users\/1"}],"replies":[{"embeddable":true,"href":"https:\/\/anadel.fr\/index.php\/wp-json\/wp\/v2\/comments?post=1087"}],"version-history":[{"count":3,"href":"https:\/\/anadel.fr\/index.php\/wp-json\/wp\/v2\/posts\/1087\/revisions"}],"predecessor-version":[{"id":1093,"href":"https:\/\/anadel.fr\/index.php\/wp-json\/wp\/v2\/posts\/1087\/revisions\/1093"}],"wp:attachment":[{"href":"https:\/\/anadel.fr\/index.php\/wp-json\/wp\/v2\/media?parent=1087"}],"wp:term":[{"taxonomy":"category","embeddable":true,"href":"https:\/\/anadel.fr\/index.php\/wp-json\/wp\/v2\/categories?post=1087"},{"taxonomy":"post_tag","embeddable":true,"href":"https:\/\/anadel.fr\/index.php\/wp-json\/wp\/v2\/tags?post=1087"}],"curies":[{"name":"wp","href":"https:\/\/api.w.org\/{rel}","templated":true}]}}