{"id":1125,"date":"2025-12-07T20:15:18","date_gmt":"2025-12-07T19:15:18","guid":{"rendered":"https:\/\/anadel.fr\/?p=1125"},"modified":"2025-12-12T05:23:42","modified_gmt":"2025-12-12T04:23:42","slug":"lannonciation","status":"publish","type":"post","link":"https:\/\/anadel.fr\/index.php\/2025\/12\/07\/lannonciation\/","title":{"rendered":"L&#8217;Annonciation"},"content":{"rendered":"\n<h2 class=\"wp-block-heading\">Fra Angelico [1400-1455]<\/h2>\n\n\n\n<p>Le peintre que nous connaissons aujourd\u2019hui sous le nom de Fra Angelico, et que ses contemporains appelaient Fra Giovanni da Fiesole, est n\u00e9 vers 1395 \u00e0 Toscane sous le nom de Guido di Pietro . Peintre la\u00efque, il rejoint la communaut\u00e9 dominicaine de Fiesole sous le nom de Fra Giovanni ; le nom&nbsp;d&#8217;Angelicus ne lui sera donn\u00e9 que dix ans apr\u00e8s sa mort, survenue en 1455, faisant de lui <em>Angelicus pictor<\/em>&nbsp;(le peintre des anges) dix ans apr\u00e8s sa mort en 1455, et il est b\u00e9atifi\u00e9.<\/p>\n\n\n\n<p><a href=\"https:\/\/fr.wikipedia.org\/wiki\/Fra_Angelico\">Fra Angelico<\/a>, moine dominicain n\u00e9 et actif en Toscane, reste une figure myst\u00e9rieuse dont la vie s\u2019est principalement d\u00e9roul\u00e9e au couvent de San Marco \u00e0 Florence, o\u00f9 il a r\u00e9alis\u00e9 de nombreuses \u0153uvres destin\u00e9es \u00e0 la m\u00e9ditation et \u00e0 la d\u00e9votion des fr\u00e8res dominicains. C\u2019est dans cet environnement spirituel qu\u2019il a peint son&nbsp;<em>Annonciation<\/em>, grande r\u00e9alisation de la peinture florentine du XVe si\u00e8cle et panneau central d\u2019un retable de plusieurs panneaux consacr\u00e9s \u00e0 la vie de la Vierge (cinq panneaux).<\/p>\n\n\n\n<figure class=\"wp-block-image size-full is-resized\"><img loading=\"lazy\" decoding=\"async\" width=\"533\" height=\"537\" src=\"https:\/\/anadel.fr\/wp-content\/uploads\/2025\/12\/La_Anunciacion_de_Fra_Angelico.jpg\" alt=\"\" class=\"wp-image-1126\" style=\"width:610px;height:auto\" srcset=\"https:\/\/anadel.fr\/wp-content\/uploads\/2025\/12\/La_Anunciacion_de_Fra_Angelico.jpg 533w, https:\/\/anadel.fr\/wp-content\/uploads\/2025\/12\/La_Anunciacion_de_Fra_Angelico-298x300.jpg 298w, https:\/\/anadel.fr\/wp-content\/uploads\/2025\/12\/La_Anunciacion_de_Fra_Angelico-150x150.jpg 150w\" sizes=\"auto, (max-width: 533px) 100vw, 533px\" \/><\/figure>\n\n\n\n<p class=\"has-text-align-center\">Fra Angelico, <em><a href=\"https:\/\/fr.wikipedia.org\/wiki\/L%27Annonciation_%28Fra_Angelico,_Madrid%29\">l&#8217;Annociation<\/a><\/em>, 1426, Mus\u00e9e de Prado, Madrid<\/p>\n\n\n\n<p>Cette tempera sur panneau, mont\u00e9e sur un meuble ancien richement d\u00e9cor\u00e9, raconte l\u2019histoire de la Vierge dans une s\u00e9quence narrative compl\u00e8te, entre les \u00e9pisodes de la pr\u00e9delle pr\u00e9sentant le mariage de la Vierge, la visite \u00e0 \u00c9lisabeth, la nativit\u00e9 du Christ, la pr\u00e9sentation de l&#8217;enfant J\u00e9sus au Temple et la mise au Tombeau.<\/p>\n\n\n\n<h5 class=\"wp-block-heading\">Sc\u00e8ne centrale et symboles<\/h5>\n\n\n\n<p>L\u2019Annonciation repr\u00e9sente le moment o\u00f9 l\u2019archange Gabriel, au visage juv\u00e9nile et muni d\u2019ailes dont chaque plume est finement d\u00e9taill\u00e9e, annonce \u00e0 Marie qu\u2019elle concevra le Christ. Marie, assise sur un si\u00e8ge recouvert d\u2019une peau de b\u00eate minutieusement grav\u00e9e en relief, exprime surprise et acceptation, mains jointes sur le ventre en pri\u00e8re. L\u2019Esprit Saint descend sous la forme d\u2019une colombe sur une aura d&#8217;or au dessus de sa t\u00eate, tandis que des rayons de lumi\u00e8re dor\u00e9e se dirigent vers le c\u0153ur et le ventre de la Vierge, cr\u00e9ant un lien visuel puissant entre le message divin et le lieu de l\u2019incarnation.<\/p>\n\n\n\n<p>La composition s\u2019ouvre sur un jardin clos, allusion au monde paradisiaque prot\u00e9g\u00e9 du monde ext\u00e9rieur sauvage, mais aussi allusion la virginit\u00e9 mariale signal\u00e9e par les roses blanches de la haie, rappelant que Marie est surnomm\u00e9e &#8220;la rose sans \u00e9pines&#8221;. Derri\u00e8re, Adam et \u00c8ve sont chass\u00e9s du Paradis, rappelant le p\u00e9ch\u00e9 originel et la n\u00e9cessit\u00e9 de l\u2019Incarnation r\u00e9demptrice du Christ. Marie, immacul\u00e9e, se pr\u00e9sente ainsi comme la nouvelle \u00c8ve. Gabriel et Marie, spatialement s\u00e9par\u00e9s par la colonne centrale &#8211; qui les mondes divin et humain &#8211; sont unis par le Verbe divin ; la perspective subtile appuy\u00e9e par des pilastres architecturaux conf\u00e8re une profondeur rationnelle dans un espace sacr\u00e9.<\/p>\n\n\n\n<p>La virtuosit\u00e9 technique est exceptionnelle : gravures dor\u00e9es, broderies finement d\u00e9taill\u00e9es, ailes des anges en relief, faux marbres color\u00e9s cr\u00e9ant une mat\u00e9rialit\u00e9 presque sculpturale. Chaque \u00e9l\u00e9ment comporte une charge symbolique forte, des roses blanches, aux grenades \u00e9clat\u00e9es dont les graines rouges \u00e9voquent le sang du Christ vers\u00e9 pour tous et le salut du monde entier.<\/p>\n\n\n\n<p><strong>Signe de doute humain<\/strong>&nbsp;: <\/p>\n\n\n\n<p>Moine humble et fervent, Fra Angelico choisit de mettre en image un \u00e9v\u00e9nement paradoxal : une femme vierge concevant par la volont\u00e9 divine.  Cependant, les faux marbres du d\u00e9cor, multicolores et &#8220;macul\u00e9s&#8221; comme des toiles abstraites, n\u2019existent pas dans la nature (veines imaginaires, taches vibrantes, etc). De m\u00eame, le petit livre de pri\u00e8re sur les genoux de Marie reste transparent, illisible, inachev\u00e9 : on ne discerne pas les mots sacr\u00e9s, mais il faut <em>croire<\/em> au miracle quand m\u00eame. Ces d\u00e9tails traduisent humblement le doute et l\u2019humanit\u00e9 de l\u2019artiste face au myst\u00e8re du miracle, invitant le spectateur \u00e0 une m\u00e9ditation active.<\/p>\n\n\n\n<p>L\u2019\u0153uvre m\u00eale clart\u00e9 intellectuelle, richesse symbolique et \u00e9motion spirituelle. Elle se tient \u00e0 la jonction du Moyen \u00c2ge et de la Renaissance : un r\u00e9cit m\u00e9di\u00e9val dans sa structure, mais ouvert \u00e0 une vision plus moderne de l\u2019espace et du monde. Fra Angelico parvient ainsi \u00e0 transformer un court passage \u00e9vang\u00e9lique en une sc\u00e8ne profonde et m\u00e9ditative. La Vierge, \u00e0 la fois proche et sacr\u00e9e, devient une figure intemporelle de foi et de douceur, capable de toucher autant l\u2019esprit que la sensibilit\u00e9 du spectateur.&nbsp;<\/p>\n","protected":false},"excerpt":{"rendered":"<p>Fra Angelico [1400-1455] Le peintre que nous connaissons aujourd\u2019hui sous le nom de Fra Angelico, et que ses contemporains appelaient Fra Giovanni da Fiesole, est n\u00e9 vers 1395 \u00e0 Toscane sous le nom de Guido di Pietro . Peintre la\u00efque, il rejoint la communaut\u00e9 dominicaine de Fiesole sous le nom de Fra Giovanni ; le&hellip; <a class=\"more-link\" href=\"https:\/\/anadel.fr\/index.php\/2025\/12\/07\/lannonciation\/\">Continue reading <span class=\"screen-reader-text\">L&#8217;Annonciation<\/span><\/a><\/p>\n","protected":false},"author":1,"featured_media":0,"comment_status":"open","ping_status":"open","sticky":false,"template":"","format":"standard","meta":{"footnotes":""},"categories":[9],"tags":[],"class_list":["post-1125","post","type-post","status-publish","format-standard","hentry","category-femmes-sacrees","entry"],"_links":{"self":[{"href":"https:\/\/anadel.fr\/index.php\/wp-json\/wp\/v2\/posts\/1125","targetHints":{"allow":["GET"]}}],"collection":[{"href":"https:\/\/anadel.fr\/index.php\/wp-json\/wp\/v2\/posts"}],"about":[{"href":"https:\/\/anadel.fr\/index.php\/wp-json\/wp\/v2\/types\/post"}],"author":[{"embeddable":true,"href":"https:\/\/anadel.fr\/index.php\/wp-json\/wp\/v2\/users\/1"}],"replies":[{"embeddable":true,"href":"https:\/\/anadel.fr\/index.php\/wp-json\/wp\/v2\/comments?post=1125"}],"version-history":[{"count":10,"href":"https:\/\/anadel.fr\/index.php\/wp-json\/wp\/v2\/posts\/1125\/revisions"}],"predecessor-version":[{"id":1364,"href":"https:\/\/anadel.fr\/index.php\/wp-json\/wp\/v2\/posts\/1125\/revisions\/1364"}],"wp:attachment":[{"href":"https:\/\/anadel.fr\/index.php\/wp-json\/wp\/v2\/media?parent=1125"}],"wp:term":[{"taxonomy":"category","embeddable":true,"href":"https:\/\/anadel.fr\/index.php\/wp-json\/wp\/v2\/categories?post=1125"},{"taxonomy":"post_tag","embeddable":true,"href":"https:\/\/anadel.fr\/index.php\/wp-json\/wp\/v2\/tags?post=1125"}],"curies":[{"name":"wp","href":"https:\/\/api.w.org\/{rel}","templated":true}]}}