{"id":1254,"date":"2025-12-17T10:58:19","date_gmt":"2025-12-17T09:58:19","guid":{"rendered":"https:\/\/anadel.fr\/?p=1254"},"modified":"2025-12-17T11:15:00","modified_gmt":"2025-12-17T10:15:00","slug":"venus-au-miroir","status":"publish","type":"post","link":"https:\/\/anadel.fr\/index.php\/2025\/12\/17\/venus-au-miroir\/","title":{"rendered":"V\u00e9nus au miroir"},"content":{"rendered":"\n<h2 class=\"wp-block-heading\">voir et \u00eatre vue<\/h2>\n\n\n\n<p>Peinte vers\u00a01647\u20131651,\u00a0<em>La V\u00e9nus au miroir<\/em>\u00a0&#8211;  occupe une place singuli\u00e8re dans l&#8217;\u0153uvre de\u00a0Diego Vel\u00e1zquez. Seul nu f\u00e9minin conserv\u00e9 de l\u2019artiste espagnol, l\u2019\u0153uvre tranche radicalement avec la tradition picturale de l\u2019Espagne du XVII\u1d49 si\u00e8cle, marqu\u00e9e par une morale religieuse stricte et une m\u00e9fiance profonde envers la repr\u00e9sentation du corps nu. Au-del\u00e0 de cette raret\u00e9, le tableau frappe par son intelligence visuelle et par la subtilit\u00e9 avec laquelle il red\u00e9finit la repr\u00e9sentation de la beaut\u00e9.<\/p>\n\n\n\n<p>Le tableau repr\u00e9sente la d\u00e9esse&nbsp;<a href=\"https:\/\/fr.wikipedia.org\/wiki\/V%C3%A9nus_(mythologie)\">V\u00e9nus<\/a>&nbsp;de dos, allong\u00e9e sur un lit et se regardant dans un miroir tenu par son fils&nbsp;<a href=\"https:\/\/fr.wikipedia.org\/wiki\/Cupidon\">Cupidon<\/a>.<\/p>\n\n\n\n<figure class=\"wp-block-image size-full\"><img loading=\"lazy\" decoding=\"async\" width=\"960\" height=\"658\" src=\"https:\/\/anadel.fr\/wp-content\/uploads\/2025\/12\/Diego_Velazquez_-_Rokeby_Venus-1.jpg\" alt=\"\" class=\"wp-image-1539\" srcset=\"https:\/\/anadel.fr\/wp-content\/uploads\/2025\/12\/Diego_Velazquez_-_Rokeby_Venus-1.jpg 960w, https:\/\/anadel.fr\/wp-content\/uploads\/2025\/12\/Diego_Velazquez_-_Rokeby_Venus-1-300x206.jpg 300w, https:\/\/anadel.fr\/wp-content\/uploads\/2025\/12\/Diego_Velazquez_-_Rokeby_Venus-1-768x526.jpg 768w\" sizes=\"auto, (max-width: 960px) 100vw, 960px\" \/><\/figure>\n\n\n\n<p class=\"has-text-align-center\">Diego Velasquez, V\u00e9nus au miroir, 1647-1651, National Gallery, Londres<\/p>\n\n\n\n<h5 class=\"wp-block-heading\">Une V\u00e9nus consciente d\u2019elle-m\u00eame<\/h5>\n\n\n\n<p>Allong\u00e9e sur des draps sombres, V\u00e9nus est repr\u00e9sent\u00e9e&nbsp;de dos, dans une posture d\u00e9tendue, presque nonchalante. La chair est peinte avec une&nbsp;sobri\u00e9t\u00e9 remarquable, sans id\u00e9alisation excessive : ni d\u00e9esse triomphante, ni corps parfait, mais une pr\u00e9sence charnelle, calme, silencieuse. Elle ne pose pas : elle est l\u00e0, simplement. Cette d\u00e9sinvolture est essentielle. Elle sugg\u00e8re une figure qui&nbsp;sait qu\u2019elle est belle, qui sait qu\u2019elle est regard\u00e9e, et que cette pr\u00e9sence n\u2019affecte en rien. Elle ne cherche ni \u00e0 s\u00e9duire ni \u00e0 se prot\u00e9ger. Cette assurance silencieuse suffit \u00e0 dire qui elle est :&nbsp;V\u00e9nus, d\u00e9esse de l\u2019amour et de la beaut\u00e9, sans qu\u2019aucun attribut traditionnel ne soit n\u00e9cessaire.<\/p>\n\n\n\n<p>Cette position de dos n\u2019est pas qu\u2019un choix esth\u00e9tique. Elle r\u00e9pond aussi au contexte espagnol, o\u00f9 la repr\u00e9sentation frontale du nu f\u00e9minin aurait \u00e9t\u00e9 per\u00e7ue comme une provocation morale. Vel\u00e1zquez contourne l\u2019interdit avec une audace mesur\u00e9e : V\u00e9nus n\u2019offense ni les yeux ni la d\u00e9cence, tout en devenant&nbsp;d\u2019autant plus s\u00e9duisante&nbsp;que son corps se refuse \u00e0 la frontalit\u00e9. <\/p>\n\n\n\n<h5 class=\"wp-block-heading\">Le miroir : une beaut\u00e9 insaisissable<\/h5>\n\n\n\n<p>Le miroir, tenu par Cupidon, joue un r\u00f4le central. Mais il ne se comporte pas comme un miroir \u00ab logique \u00bb. Selon les lois de l\u2019optique, il devrait refl\u00e9ter le corps de V\u00e9nus ; or, il nous montre son visage (l&#8217;arbitraire des dieux, ici, l&#8217;importe sur les lois de l&#8217;optique&#8230;). Vel\u00e1zquez introduit volontairement un&nbsp;d\u00e9calage entre la r\u00e9alit\u00e9 et son reflet. Cupidon lui-m\u00eame semble indiff\u00e9rent \u00e0 la justesse de l\u2019angle : ici, la fid\u00e9lit\u00e9 optique importe moins que le sens.<\/p>\n\n\n\n<p>Ce choix est d\u00e9cisif. Le reflet du visage est flou, presque ind\u00e9termin\u00e9. Alors que le spectateur croit approcher la beaut\u00e9 de V\u00e9nus, celle-ci se&nbsp;d\u00e9robe au moment m\u00eame o\u00f9 elle semblait accessible. Le miroir ne r\u00e9v\u00e8le pas, il frustre.<\/p>\n\n\n\n<figure class=\"wp-block-image size-full is-resized\"><img loading=\"lazy\" decoding=\"async\" width=\"500\" height=\"600\" src=\"https:\/\/anadel.fr\/wp-content\/uploads\/2025\/12\/500px-Titian_Venus_Mirror_furs.jpg\" alt=\"\" class=\"wp-image-1556\" style=\"width:456px;height:auto\" srcset=\"https:\/\/anadel.fr\/wp-content\/uploads\/2025\/12\/500px-Titian_Venus_Mirror_furs.jpg 500w, https:\/\/anadel.fr\/wp-content\/uploads\/2025\/12\/500px-Titian_Venus_Mirror_furs-250x300.jpg 250w\" sizes=\"auto, (max-width: 500px) 100vw, 500px\" \/><\/figure>\n\n\n\n<p class=\"has-text-align-center\">Titien, <em>V\u00e9nus \u00e0 sa toilette, 1555<\/em><\/p>\n\n\n\n<h5 class=\"wp-block-heading\">Entre tradition et invention<\/h5>\n\n\n\n<p>La&nbsp;<em>V\u00e9nus au miroir<\/em>&nbsp;dialogue avec plusieurs traditions picturales que Vel\u00e1zquez connaissait parfaitement, pour les avoir observ\u00e9es dans les&nbsp;collections royales espagnoles&nbsp;et lors de ses&nbsp;voyages en Italie. Deux grands types iconographiques dominent alors la repr\u00e9sentation de V\u00e9nus : la d\u00e9esse allong\u00e9e faisant face au spectateur, comme chez&nbsp;Titien, et V\u00e9nus se regardant dans un miroir, motif li\u00e9 \u00e0 la toilette et \u00e0 la vanit\u00e9.<\/p>\n\n\n\n<figure class=\"wp-block-image size-full\"><img loading=\"lazy\" decoding=\"async\" width=\"480\" height=\"345\" src=\"https:\/\/anadel.fr\/wp-content\/uploads\/2025\/12\/Tizian_-_Venus_von_Urbino.jpg\" alt=\"\" class=\"wp-image-1181\" srcset=\"https:\/\/anadel.fr\/wp-content\/uploads\/2025\/12\/Tizian_-_Venus_von_Urbino.jpg 480w, https:\/\/anadel.fr\/wp-content\/uploads\/2025\/12\/Tizian_-_Venus_von_Urbino-300x216.jpg 300w\" sizes=\"auto, (max-width: 480px) 100vw, 480px\" \/><\/figure>\n\n\n\n<p class=\"has-text-align-center\">Titien, Venus d&#8217;Urbino<\/p>\n\n\n\n<p>Vel\u00e1zquez combine ces mod\u00e8les, mais les transforme profond\u00e9ment. Sa V\u00e9nus ne fait pas face au spectateur, et le miroir ne sert pas \u00e0 admirer sa propre image. Il ajoute surtout un \u00e9l\u00e9ment in\u00e9dit :&nbsp;le corps d\u2019un mod\u00e8le contemporain, sans r\u00e9f\u00e9rence directe \u00e0 la statuaire antique id\u00e9alis\u00e9e. La chair est r\u00e9elle, souple, vivante.<\/p>\n\n\n\n<p>On peut \u00e9galement penser que Vel\u00e1zquez avait en m\u00e9moire le c\u00e9l\u00e8bre&nbsp;<em>Hermaphrodite endormi<\/em>, sculpture hell\u00e9nistique d\u00e9couverte \u00e0 Rome au d\u00e9but du XVII\u1d49 si\u00e8cle et install\u00e9e sur un matelas sculpt\u00e9 par le&nbsp;Bernin en 1619. On retrouve chez la V\u00e9nus cette pose contourn\u00e9e, cette torsion du corps et une certaine th\u00e9\u00e2tralit\u00e9 discr\u00e8te, accentu\u00e9e par des \u00e9l\u00e9ments comme le&nbsp;rideau rouge, qui sugg\u00e8re une mise en sc\u00e8ne sans jamais sombrer dans l\u2019exc\u00e8s.<\/p>\n\n\n\n<figure class=\"wp-block-image size-full\"><img loading=\"lazy\" decoding=\"async\" width=\"500\" height=\"227\" src=\"https:\/\/anadel.fr\/wp-content\/uploads\/2025\/12\/Borghese_Hermaphroditus_Louvre_Ma231.jpg\" alt=\"\" class=\"wp-image-1224\" srcset=\"https:\/\/anadel.fr\/wp-content\/uploads\/2025\/12\/Borghese_Hermaphroditus_Louvre_Ma231.jpg 500w, https:\/\/anadel.fr\/wp-content\/uploads\/2025\/12\/Borghese_Hermaphroditus_Louvre_Ma231-300x136.jpg 300w\" sizes=\"auto, (max-width: 500px) 100vw, 500px\" \/><\/figure>\n\n\n\n<p class=\"has-text-align-center\">l&#8217;Hermaphrodite endormi<\/p>\n\n\n\n<h5 class=\"wp-block-heading\">Une sensualit\u00e9 retenue, presque silencieuse<\/h5>\n\n\n\n<p>Contrairement aux V\u00e9nus italiennes, souvent c\u00e9l\u00e9br\u00e9es pour leur \u00e9clat, leur richesse d\u00e9corative ou leur sensualit\u00e9 affirm\u00e9e, celle de Vel\u00e1zquez se distingue par une&nbsp;extr\u00eame retenue. La palette est limit\u00e9e, domin\u00e9e par les gris, les roses p\u00e2les et les bruns profonds. Les textures &#8211; peau, draps, rubans &#8211; sont trait\u00e9es avec une virtuosit\u00e9 discr\u00e8te, sans ostentation.<\/p>\n\n\n\n<p>Cupidon, figure habituellement joyeuse et dynamique, appara\u00eet ici presque passif. Son r\u00f4le semble secondaire, comme si l\u2019amour lui-m\u00eame \u00e9tait suspendu. Tout concourt \u00e0 cr\u00e9er une atmosph\u00e8re de&nbsp;silence et de contemplation, o\u00f9 l\u2019\u00e9rotisme n\u2019est jamais frontal mais toujours sugg\u00e9r\u00e9.<\/p>\n\n\n\n<h5 class=\"wp-block-heading\">Un nu audacieux dans l\u2019Espagne de la Contre-R\u00e9forme<\/h5>\n\n\n\n<p>Peindre un nu f\u00e9minin dans l\u2019Espagne du XVII\u1d49 si\u00e8cle \u00e9tait un&nbsp;choix risqu\u00e9. La peinture du corps nu, m\u00eame mythologique, pouvait \u00eatre assimil\u00e9e \u00e0 une pratique sacril\u00e8ge et exposer l\u2019artiste \u00e0 de lourdes sanctions. Si Vel\u00e1zquez a pu r\u00e9aliser une telle \u0153uvre, c\u2019est en grande partie gr\u00e2ce au&nbsp;statut privil\u00e9gi\u00e9 de son commanditaire, fils du premier ministre d&#8217;Espagne.<\/p>\n\n\n\n<p>Le tableau \u00e9tait destin\u00e9 \u00e0 une&nbsp;collection priv\u00e9e. Il n\u2019avait aucune vocation publique. Dans l\u2019Espagne du XVII\u1d49 si\u00e8cle, le nu pouvait exister \u00e0 condition de rester invisible au peuple. En effet, les buts de l&#8217;art \u00e9taient consid\u00e9r\u00e9s comme au-dessus des questions de moralit\u00e9 parmi les cercles intellectuels et aristocratiques&nbsp;et les grandes familles aristocratiques poss\u00e9daient de nombreux nus mythologiques, l&#8217;essentiel \u00e9tant que le peuple ne puisse pas en avoir connaissance pour que ces \u0153uvres ne deviennent pas un \u00ab mauvais exemple \u00bb&#8230; Le roi&nbsp;<a href=\"https:\/\/fr.wikipedia.org\/wiki\/Philippe_IV_d%27Espagne\">Phillippe IV<\/a>, avait de nombreux nus de&nbsp;<a href=\"https:\/\/fr.wikipedia.org\/wiki\/Le_Titien\">Le Titien<\/a>&nbsp;et de&nbsp;<a href=\"https:\/\/fr.wikipedia.org\/wiki\/Rubens\">Rubens<\/a>, conserv\u00e9s dans une pi\u00e8ce relativement priv\u00e9e et discr\u00e8te. Vel\u00e1zquez lui-m\u00eame aurait peint au moins&nbsp;trois autres nus, aujourd\u2019hui disparus.<\/p>\n\n\n\n<h5 class=\"wp-block-heading\">Une beaut\u00e9 qui \u00e9chappe au jugement<\/h5>\n\n\n\n<p>Avec&nbsp;<em>La V\u00e9nus au miroir<\/em>, Vel\u00e1zquez ne se contente pas de repr\u00e9senter un corps. Il met en sc\u00e8ne une&nbsp;exp\u00e9rience du regard. Le spectateur croit voir, comprendre, poss\u00e9der l\u2019image &#8211; mais la beaut\u00e9 se retire, fragment\u00e9e entre chair r\u00e9elle et reflet incertain. Contrairement au Jugement de P\u00e2ris ou aux V\u00e9nus triomphantes de la Renaissance, il n\u2019y a ici&nbsp;aucune d\u00e9cision possible, aucun verdict sur la beaut\u00e9.<\/p>\n\n\n\n<p>V\u00e9nus ne se donne pas. Elle existe, consciente, souveraine, et profond\u00e9ment insaisissable. C\u2019est peut-\u00eatre cette distance, cette intelligence du retrait, qui fait de la&nbsp;<em>V\u00e9nus au miroir<\/em>&nbsp;l\u2019un des nus les plus modernes et les plus fascinants de l\u2019histoire de l\u2019art.<\/p>\n\n\n\n<h5 class=\"wp-block-heading\"><\/h5>\n\n\n\n<h5 class=\"wp-block-heading\">Une \u0153uvre moderne avant l\u2019heure<\/h5>\n\n\n\n<p>Ce qui rend&nbsp;<em>La V\u00e9nus au miroir<\/em>&nbsp;profond\u00e9ment moderne, c\u2019est sa capacit\u00e9 \u00e0&nbsp;mettre en crise la repr\u00e9sentation du nu. Vel\u00e1zquez renverse la logique du regard : ce n\u2019est pas seulement le spectateur qui observe V\u00e9nus, mais V\u00e9nus qui semble&nbsp;renvoyer le regard, mettant en question le d\u00e9sir et la position de celui qui regarde.<\/p>\n\n\n\n<p>Cette ambigu\u00eft\u00e9 annonce des questionnements qui traverseront l\u2019art moderne : qui regarde qui ? que signifie repr\u00e9senter un corps ? quelle est la place du d\u00e9sir dans l\u2019image ?<\/p>\n\n\n\n<p>En cela, la&nbsp;<em>V\u00e9nus au miroir<\/em>&nbsp;n\u2019est pas seulement un chef-d\u2019\u0153uvre du baroque espagnol, mais une r\u00e9flexion intemporelle sur le&nbsp;regard, l\u2019intimit\u00e9 et la repr\u00e9sentation.<\/p>\n\n\n\n<h5 class=\"wp-block-heading\">Une beaut\u00e9 insaisissable<\/h5>\n\n\n\n<p>Vel\u00e1zquez ne cherche pas \u00e0 d\u00e9finir la beaut\u00e9, mais \u00e0 la rendre&nbsp;fuyante. Sa V\u00e9nus n\u2019est ni triomphante ni id\u00e9alis\u00e9e : elle existe dans un entre-deux, entre chair et image, pr\u00e9sence et reflet. C\u2019est peut-\u00eatre cette distance, ce refus de livrer pleinement son sujet, qui fait de cette \u0153uvre l\u2019une des plus fascinantes de l\u2019histoire de la peinture.<\/p>\n\n\n\n<h5 class=\"wp-block-heading\">\u00c9chos et r\u00e9interpr\u00e9tations modernes<\/h5>\n\n\n\n<p>La <em>V\u00e9nus au miroir<\/em> exerce une influence profonde sur les peintres qui lui succ\u00e8dent. La simplicit\u00e9 radicale de ce nu, d\u00e9pourvu de bijoux, d\u2019attributs mythologiques appuy\u00e9s ou de d\u00e9cor narratif, ouvre une voie nouvelle dans la repr\u00e9sentation du corps f\u00e9minin. Cette approche se retrouve, sous des formes diff\u00e9rentes, chez Ingres, dont les odalisques prolongent la pose allong\u00e9e et la sensualit\u00e9 contr\u00f4l\u00e9e, ou chez Baudry, qui renoue avec le nu mythologique tout en conservant une frontalit\u00e9 et une lisibilit\u00e9 h\u00e9rit\u00e9es de Vel\u00e1zquez. <\/p>\n\n\n\n<figure class=\"wp-block-image size-full\"><img loading=\"lazy\" decoding=\"async\" width=\"500\" height=\"232\" src=\"https:\/\/anadel.fr\/wp-content\/uploads\/2025\/12\/Baudry_paul_the_wave_and_the_pearl.jpg\" alt=\"\" class=\"wp-image-1560\" srcset=\"https:\/\/anadel.fr\/wp-content\/uploads\/2025\/12\/Baudry_paul_the_wave_and_the_pearl.jpg 500w, https:\/\/anadel.fr\/wp-content\/uploads\/2025\/12\/Baudry_paul_the_wave_and_the_pearl-300x139.jpg 300w\" sizes=\"auto, (max-width: 500px) 100vw, 500px\" \/><\/figure>\n\n\n\n<p class=\"has-text-align-center\">Paul Baudry, <em>La vague et la perle<\/em>, 1862<\/p>\n\n\n\n<p>Manet, quant \u00e0 lui, op\u00e8re un d\u00e9placement d\u00e9cisif : avec&nbsp;<em>Olympia<\/em>, il transforme la d\u00e9esse en femme r\u00e9elle, contemporaine, consciente d\u2019\u00eatre regard\u00e9e. L\u00e0 o\u00f9 la V\u00e9nus de Vel\u00e1zquez se d\u00e9robe par le miroir, Olympia affronte directement le spectateur, prolongeant et radicalisant la r\u00e9flexion sur le regard, la nudit\u00e9 et le statut du mod\u00e8le.<\/p>\n\n\n\n<figure class=\"wp-block-image size-full\"><img loading=\"lazy\" decoding=\"async\" width=\"886\" height=\"600\" src=\"https:\/\/anadel.fr\/wp-content\/uploads\/2025\/12\/Olympia-Edouard-Manet-1.jpg\" alt=\"\" class=\"wp-image-1223\" srcset=\"https:\/\/anadel.fr\/wp-content\/uploads\/2025\/12\/Olympia-Edouard-Manet-1.jpg 886w, https:\/\/anadel.fr\/wp-content\/uploads\/2025\/12\/Olympia-Edouard-Manet-1-300x203.jpg 300w, https:\/\/anadel.fr\/wp-content\/uploads\/2025\/12\/Olympia-Edouard-Manet-1-768x520.jpg 768w\" sizes=\"auto, (max-width: 886px) 100vw, 886px\" \/><\/figure>\n\n\n\n<p class=\"has-text-align-center\">Manet, <em>Olympia<\/em><\/p>\n\n\n\n<p> La toile partage certaines similarit\u00e9s de composition avec&nbsp;<em>La Maja nue<\/em>, mais o\u00f9 Goya adopte un ton beaucoup plus provocateur, jouant de la nudit\u00e9 comme d\u2019un instrument de scandale assum\u00e9.<\/p>\n\n\n\n<figure class=\"wp-block-image size-full is-resized\"><img loading=\"lazy\" decoding=\"async\" width=\"500\" height=\"254\" src=\"https:\/\/anadel.fr\/wp-content\/uploads\/2025\/12\/La_Maja_desnuda_por_Goya.jpg\" alt=\"\" class=\"wp-image-1565\" style=\"width:565px;height:auto\" srcset=\"https:\/\/anadel.fr\/wp-content\/uploads\/2025\/12\/La_Maja_desnuda_por_Goya.jpg 500w, https:\/\/anadel.fr\/wp-content\/uploads\/2025\/12\/La_Maja_desnuda_por_Goya-300x152.jpg 300w\" sizes=\"auto, (max-width: 500px) 100vw, 500px\" \/><\/figure>\n\n\n\n<p class=\"has-text-align-center\">Francisco de Goya, <em>La Maja desnuda<\/em>, 1797-1800<\/p>\n\n\n\n<p>Sources :<\/p>\n\n\n\n<ol class=\"wp-block-list\">\n<li><a href=\"https:\/\/fr.wikipedia.org\/wiki\/V\u00e9nus_\u00e0_son_miroir\">Wikip\u00e9dia<\/a><\/li>\n\n\n\n<li>Les grands scandales de la peinture, Larousse, 2025<\/li>\n<\/ol>\n\n\n\n<h5 class=\"wp-block-heading\">Une image attaqu\u00e9e, un conflit d\u00e9plac\u00e9 sur l\u2019art<\/h5>\n\n\n\n<p>La toile conserve encore aujourd\u2019hui de discr\u00e8tes cicatrices, vestiges d\u2019une agression survenue au d\u00e9but du XX\u1d49 si\u00e8cle. En 1914, une militante, engag\u00e9e dans la lutte pour les droits civiques des femmes, s\u2019en est prise physiquement \u00e0 l\u2019image dans un contexte de fortes tensions sociales et politiques. Si ce geste visait \u00e0 provoquer l\u2019attention et \u00e0 rendre visible une cause ignor\u00e9e, il n\u2019en demeure pas moins une violence exerc\u00e9e contre une \u0153uvre qui n\u2019en \u00e9tait ni la responsable ni la cause.<\/p>\n\n\n\n<p>L\u2019attaque ne saurait \u00eatre comprise comme une prise de position contre la peinture elle-m\u00eame, ni encore moins comme une critique du regard artistique qu\u2019elle propose. Elle rel\u00e8ve plut\u00f4t d\u2019un d\u00e9placement du conflit : l\u2019image, admir\u00e9e, prot\u00e9g\u00e9e et expos\u00e9e, devient un support commode pour une col\u00e8re qui trouve difficilement \u00e0 s\u2019exprimer ailleurs. En s\u2019en prenant \u00e0 un nu mythologique embl\u00e9matique, l\u2019acte oppose symboliquement une beaut\u00e9 id\u00e9alis\u00e9e \u00e0 une exigence de justice, mais au prix d\u2019une destruction qui frappe un bien commun.<\/p>\n\n\n\n<figure class=\"wp-block-image size-full\"><img loading=\"lazy\" decoding=\"async\" width=\"465\" height=\"392\" src=\"https:\/\/anadel.fr\/wp-content\/uploads\/2025\/12\/Richardson-Venus.jpg\" alt=\"\" class=\"wp-image-1558\" srcset=\"https:\/\/anadel.fr\/wp-content\/uploads\/2025\/12\/Richardson-Venus.jpg 465w, https:\/\/anadel.fr\/wp-content\/uploads\/2025\/12\/Richardson-Venus-300x253.jpg 300w\" sizes=\"auto, (max-width: 465px) 100vw, 465px\" \/><\/figure>\n\n\n\n<p class=\"has-text-align-center\">d\u00e9tail de la toile lac\u00e9r\u00e9e en 1914&#8230;<\/p>\n\n\n\n<p>Loin d\u2019enrichir l\u2019\u0153uvre, cette violence rappelle au contraire sa fragilit\u00e9 et la responsabilit\u00e9 collective qui l\u2019entoure. Les cicatrices visibles aujourd\u2019hui ne sont pas un prolongement du sens du tableau, mais la trace d\u2019un affrontement ext\u00e9rieur \u00e0 l\u2019art, qui dit davantage l\u2019\u00e9poque et ses tensions que l\u2019image elle-m\u00eame. La peinture, survivante de cette attaque, demeure avant tout un espace de contemplation, et non un champ de bataille l\u00e9gitime pour des luttes politiques, aussi essentielles soient-elles.<\/p>\n\n\n\n<p>En 2023, deux visiteurs de National Gallery de Londres ont bris\u00e9 \u00e0 plusieurs reprises la vitre de protection \u00e0 l\u2019aide de marteaux d\u2019urgence avant d\u2019\u00eatre imm\u00e9diatement interpell\u00e9s. L\u2019\u0153uvre a \u00e9t\u00e9 retir\u00e9e des salles afin de faire l\u2019objet d\u2019un examen approfondi par les \u00e9quipes de conservation.<\/p>\n\n\n\n<p>Les auteurs de l\u2019attaque ont pr\u00e9sent\u00e9 leur geste comme une action militante destin\u00e9e \u00e0 attirer l\u2019attention sur des choix politiques contemporains. Une fois encore, la peinture s\u2019est trouv\u00e9e d\u00e9tourn\u00e9e de sa fonction artistique pour devenir le support d\u2019un message ext\u00e9rieur \u00e0 l\u2019\u0153uvre elle-m\u00eame, soulignant la persistance de tensions entre patrimoine culturel et revendications id\u00e9ologiques.<\/p>\n","protected":false},"excerpt":{"rendered":"<p>voir et \u00eatre vue Peinte vers\u00a01647\u20131651,\u00a0La V\u00e9nus au miroir\u00a0&#8211; occupe une place singuli\u00e8re dans l&#8217;\u0153uvre de\u00a0Diego Vel\u00e1zquez. Seul nu f\u00e9minin conserv\u00e9 de l\u2019artiste espagnol, l\u2019\u0153uvre tranche radicalement avec la tradition picturale de l\u2019Espagne du XVII\u1d49 si\u00e8cle, marqu\u00e9e par une morale religieuse stricte et une m\u00e9fiance profonde envers la repr\u00e9sentation du corps nu. Au-del\u00e0 de cette&hellip; <a class=\"more-link\" href=\"https:\/\/anadel.fr\/index.php\/2025\/12\/17\/venus-au-miroir\/\">Continue reading <span class=\"screen-reader-text\">V\u00e9nus au miroir<\/span><\/a><\/p>\n","protected":false},"author":1,"featured_media":0,"comment_status":"open","ping_status":"open","sticky":false,"template":"","format":"standard","meta":{"footnotes":""},"categories":[6],"tags":[],"class_list":["post-1254","post","type-post","status-publish","format-standard","hentry","category-feminin-mythique-et-allegorie-antiquite-xixeme-siecle","entry"],"_links":{"self":[{"href":"https:\/\/anadel.fr\/index.php\/wp-json\/wp\/v2\/posts\/1254","targetHints":{"allow":["GET"]}}],"collection":[{"href":"https:\/\/anadel.fr\/index.php\/wp-json\/wp\/v2\/posts"}],"about":[{"href":"https:\/\/anadel.fr\/index.php\/wp-json\/wp\/v2\/types\/post"}],"author":[{"embeddable":true,"href":"https:\/\/anadel.fr\/index.php\/wp-json\/wp\/v2\/users\/1"}],"replies":[{"embeddable":true,"href":"https:\/\/anadel.fr\/index.php\/wp-json\/wp\/v2\/comments?post=1254"}],"version-history":[{"count":28,"href":"https:\/\/anadel.fr\/index.php\/wp-json\/wp\/v2\/posts\/1254\/revisions"}],"predecessor-version":[{"id":1574,"href":"https:\/\/anadel.fr\/index.php\/wp-json\/wp\/v2\/posts\/1254\/revisions\/1574"}],"wp:attachment":[{"href":"https:\/\/anadel.fr\/index.php\/wp-json\/wp\/v2\/media?parent=1254"}],"wp:term":[{"taxonomy":"category","embeddable":true,"href":"https:\/\/anadel.fr\/index.php\/wp-json\/wp\/v2\/categories?post=1254"},{"taxonomy":"post_tag","embeddable":true,"href":"https:\/\/anadel.fr\/index.php\/wp-json\/wp\/v2\/tags?post=1254"}],"curies":[{"name":"wp","href":"https:\/\/api.w.org\/{rel}","templated":true}]}}