{"id":1912,"date":"2026-02-26T00:22:56","date_gmt":"2026-02-25T23:22:56","guid":{"rendered":"https:\/\/anadel.fr\/?p=1912"},"modified":"2026-04-17T21:42:50","modified_gmt":"2026-04-17T19:42:50","slug":"la-violence-erotisee-dans-lart","status":"publish","type":"post","link":"https:\/\/anadel.fr\/index.php\/2026\/02\/26\/la-violence-erotisee-dans-lart\/","title":{"rendered":"La violence \u00e9rotis\u00e9e dans l&#8217;art"},"content":{"rendered":"\n<h4 class=\"wp-block-heading\">Quand l&#8217;art embellit la violence <\/h4>\n\n\n\n<p>Peut-on admirer un chef-d\u2019\u0153uvre sans voir la violence qu\u2019il repr\u00e9sente ? C\u2019est la question troublante que pose le documentaire diffus\u00e9 sur Arte <sup>(1) <\/sup>: pourquoi, depuis des si\u00e8cles, l\u2019art occidental repr\u00e9sente-t-il des violences sexuelles contre les femmes de mani\u00e8re banale &#8211; et souvent esth\u00e9tis\u00e9e ? \u00c0 force d\u2019\u00eatre inscrites dans des r\u00e9cits mythologiques, bibliques ou h\u00e9ro\u00efques, ces sc\u00e8nes ont fini par \u00eatre regard\u00e9es comme des motifs culturels classiques. Beaucoup de spectateurs n\u2019y voient plus des agressions, mais des \u00e9pisodes l\u00e9gendaires, des all\u00e9gories, des d\u00e9monstrations de virtuosit\u00e9 picturale.<\/p>\n\n\n\n<p>Et c\u2019est pr\u00e9cis\u00e9ment ce glissement que le film interroge.<\/p>\n\n\n\n<h4 class=\"wp-block-heading\">Des chefs-d\u2019\u0153uvre\u2026 et des sc\u00e8nes de contrainte<\/h4>\n\n\n\n<p>Le documentaire revisite plusieurs \u0153uvres embl\u00e9matiques expos\u00e9es dans les plus grands mus\u00e9es. On y retrouve notamment :<br><em>Suzanne et les vieillards<sup>(D)<\/sup><\/em>, <em>L&#8217;Enl\u00e8vement des Sabines<\/em><sup>(A)<\/sup>, <br><em>Le viol de Lucr<\/em>\u00e8ce<sup>(E)<\/sup>, <em>Le Rapt d&#8217;Europe<\/em><sup>(B)<\/sup>, <em>Le rapt de Proserpine<sup>(C)<\/sup><\/em>, mais aussi <em>Le Baiser<sup>(F)<\/sup> <\/em>de Klimt ou <em>Int\u00e9rieur<\/em><sup>(G)<\/sup> de Degas etc.<\/p>\n\n\n\n<figure class=\"wp-block-image size-full\"><img loading=\"lazy\" decoding=\"async\" width=\"480\" height=\"730\" src=\"https:\/\/anadel.fr\/wp-content\/uploads\/2025\/12\/Rape_of_Prosepina_September_2015-3a.jpg\" alt=\"\" class=\"wp-image-986\" srcset=\"https:\/\/anadel.fr\/wp-content\/uploads\/2025\/12\/Rape_of_Prosepina_September_2015-3a.jpg 480w, https:\/\/anadel.fr\/wp-content\/uploads\/2025\/12\/Rape_of_Prosepina_September_2015-3a-197x300.jpg 197w\" sizes=\"auto, (max-width: 480px) 100vw, 480px\" \/><\/figure>\n\n\n\n<p class=\"has-text-align-center\"><sup>Le Bernin, <em><a href=\"https:\/\/fr.wikipedia.org\/wiki\/L%27Enl\u00e8vement_de_Proserpine_(Le_Bernin)\">L&#8217;enl\u00e8vement de Proserpine<\/a><\/em>, Galerie Borgh\u00e8se, Rome<\/sup><\/p>\n\n\n\n<p class=\"has-text-align-left\">Ces sc\u00e8nes ont un point commun : elles repr\u00e9sentent des femmes surprises, enlev\u00e9es, menac\u00e9es ou viol\u00e9es. Pourtant, dans leur traitement artistique, les corps sont id\u00e9alis\u00e9s, les compositions harmonieuses, les couleurs sublimes.<\/p>\n\n\n\n<figure class=\"wp-block-gallery has-nested-images columns-default is-cropped wp-block-gallery-1 is-layout-flex wp-block-gallery-is-layout-flex\">\n<figure class=\"wp-block-image size-large\"><img loading=\"lazy\" decoding=\"async\" width=\"960\" height=\"672\" data-id=\"1927\" src=\"https:\/\/anadel.fr\/wp-content\/uploads\/2026\/02\/Fabre_Francois-Xavier_Suzanne_et_les_vieillards_1791_Musee_Fabre_Montpellier.jpg\" alt=\"\" class=\"wp-image-1927\" srcset=\"https:\/\/anadel.fr\/wp-content\/uploads\/2026\/02\/Fabre_Francois-Xavier_Suzanne_et_les_vieillards_1791_Musee_Fabre_Montpellier.jpg 960w, https:\/\/anadel.fr\/wp-content\/uploads\/2026\/02\/Fabre_Francois-Xavier_Suzanne_et_les_vieillards_1791_Musee_Fabre_Montpellier-300x210.jpg 300w, https:\/\/anadel.fr\/wp-content\/uploads\/2026\/02\/Fabre_Francois-Xavier_Suzanne_et_les_vieillards_1791_Musee_Fabre_Montpellier-768x538.jpg 768w\" sizes=\"auto, (max-width: 960px) 100vw, 960px\" \/><\/figure>\n\n\n\n<figure class=\"wp-block-image size-large\"><img loading=\"lazy\" decoding=\"async\" width=\"250\" height=\"338\" data-id=\"1928\" src=\"https:\/\/anadel.fr\/wp-content\/uploads\/2026\/02\/Anthonis_van_Dyck_053.jpg\" alt=\"\" class=\"wp-image-1928\" srcset=\"https:\/\/anadel.fr\/wp-content\/uploads\/2026\/02\/Anthonis_van_Dyck_053.jpg 250w, https:\/\/anadel.fr\/wp-content\/uploads\/2026\/02\/Anthonis_van_Dyck_053-222x300.jpg 222w\" sizes=\"auto, (max-width: 250px) 100vw, 250px\" \/><\/figure>\n\n\n\n<figure class=\"wp-block-image size-large\"><img loading=\"lazy\" decoding=\"async\" width=\"250\" height=\"354\" data-id=\"1929\" src=\"https:\/\/anadel.fr\/wp-content\/uploads\/2026\/02\/Susanna_im_bade_by_Lovis_Corinth.jpg\" alt=\"\" class=\"wp-image-1929\" srcset=\"https:\/\/anadel.fr\/wp-content\/uploads\/2026\/02\/Susanna_im_bade_by_Lovis_Corinth.jpg 250w, https:\/\/anadel.fr\/wp-content\/uploads\/2026\/02\/Susanna_im_bade_by_Lovis_Corinth-212x300.jpg 212w\" sizes=\"auto, (max-width: 250px) 100vw, 250px\" \/><\/figure>\n\n\n\n<figure class=\"wp-block-image size-large\"><img loading=\"lazy\" decoding=\"async\" width=\"330\" height=\"250\" data-id=\"1930\" src=\"https:\/\/anadel.fr\/wp-content\/uploads\/2026\/02\/Jacopo_Robusti_gen._Tintoretto__Kunsthistorisches_Museum_Wien_Gemaldegalerie_-_Susanna_im_Bade_-_GG_1530_-_Kunsthistorisches_Museum.jpg\" alt=\"\" class=\"wp-image-1930\" srcset=\"https:\/\/anadel.fr\/wp-content\/uploads\/2026\/02\/Jacopo_Robusti_gen._Tintoretto__Kunsthistorisches_Museum_Wien_Gemaldegalerie_-_Susanna_im_Bade_-_GG_1530_-_Kunsthistorisches_Museum.jpg 330w, https:\/\/anadel.fr\/wp-content\/uploads\/2026\/02\/Jacopo_Robusti_gen._Tintoretto__Kunsthistorisches_Museum_Wien_Gemaldegalerie_-_Susanna_im_Bade_-_GG_1530_-_Kunsthistorisches_Museum-300x227.jpg 300w\" sizes=\"auto, (max-width: 330px) 100vw, 330px\" \/><\/figure>\n<\/figure>\n\n\n\n<p class=\"has-text-align-center\"><sup>Le Tintoret, <em>Suzanne et les vieillards<\/em>, 1555, Vienne Kunsthistorische Museum<\/sup><\/p>\n\n\n\n<p>Le paradoxe est frappant : plus la sc\u00e8ne est violente dans le r\u00e9cit, plus elle peut \u00eatre s\u00e9duisante dans sa forme.<br>Le corps f\u00e9minin, souvent nu, devient alors un spectacle. Il est au centre du tableau, offert au regard, magnifi\u00e9 par la ma\u00eetrise technique de l\u2019artiste. La violence, elle, semble s\u2019effacer derri\u00e8re la beaut\u00e9.<\/p>\n\n\n\n<figure class=\"wp-block-gallery has-nested-images columns-default is-cropped wp-block-gallery-2 is-layout-flex wp-block-gallery-is-layout-flex\">\n<figure class=\"wp-block-image size-large\"><img loading=\"lazy\" decoding=\"async\" width=\"748\" height=\"1024\" data-id=\"1933\" src=\"https:\/\/anadel.fr\/wp-content\/uploads\/2026\/02\/Tizian_094-748x1024.jpg\" alt=\"\" class=\"wp-image-1933\" srcset=\"https:\/\/anadel.fr\/wp-content\/uploads\/2026\/02\/Tizian_094-748x1024.jpg 748w, https:\/\/anadel.fr\/wp-content\/uploads\/2026\/02\/Tizian_094-219x300.jpg 219w, https:\/\/anadel.fr\/wp-content\/uploads\/2026\/02\/Tizian_094-768x1051.jpg 768w, https:\/\/anadel.fr\/wp-content\/uploads\/2026\/02\/Tizian_094.jpg 960w\" sizes=\"auto, (max-width: 748px) 100vw, 748px\" \/><\/figure>\n\n\n\n<figure class=\"wp-block-image size-large\"><img loading=\"lazy\" decoding=\"async\" width=\"500\" height=\"604\" data-id=\"1941\" src=\"https:\/\/anadel.fr\/wp-content\/uploads\/2026\/02\/500px-Tiziano_tarquinio_e_lucrezia.jpg\" alt=\"\" class=\"wp-image-1941\" srcset=\"https:\/\/anadel.fr\/wp-content\/uploads\/2026\/02\/500px-Tiziano_tarquinio_e_lucrezia.jpg 500w, https:\/\/anadel.fr\/wp-content\/uploads\/2026\/02\/500px-Tiziano_tarquinio_e_lucrezia-248x300.jpg 248w\" sizes=\"auto, (max-width: 500px) 100vw, 500px\" \/><\/figure>\n<\/figure>\n\n\n\n<p class=\"has-text-align-center\"><sup>Titien,<em> Tarquin et Lucr\u00e8ce<\/em><\/sup><\/p>\n\n\n\n<figure class=\"wp-block-gallery has-nested-images columns-default is-cropped wp-block-gallery-3 is-layout-flex wp-block-gallery-is-layout-flex\">\n<figure class=\"wp-block-image size-large\"><img loading=\"lazy\" decoding=\"async\" width=\"500\" height=\"438\" data-id=\"1943\" src=\"https:\/\/anadel.fr\/wp-content\/uploads\/2026\/02\/Tizian_085.jpg\" alt=\"\" class=\"wp-image-1943\" srcset=\"https:\/\/anadel.fr\/wp-content\/uploads\/2026\/02\/Tizian_085.jpg 500w, https:\/\/anadel.fr\/wp-content\/uploads\/2026\/02\/Tizian_085-300x263.jpg 300w\" sizes=\"auto, (max-width: 500px) 100vw, 500px\" \/><\/figure>\n<\/figure>\n\n\n\n<p class=\"has-text-align-center\"><sup>Titien<em>, Le rapt d&#8217;Europe<\/em>, 1562, Mus\u00e9e Isabella Stewart-Gardner<\/sup><\/p>\n\n\n\n<h4 class=\"wp-block-heading\">Le corps f\u00e9minin comme objet visuel<\/h4>\n\n\n\n<p>Dans une grande partie de la tradition occidentale, la femme est repr\u00e9sent\u00e9e :<\/p>\n\n\n\n<ul class=\"wp-block-list\">\n<li>nue ou partiellement d\u00e9nud\u00e9e,<\/li>\n\n\n\n<li>dans une posture passive,<\/li>\n\n\n\n<li>expos\u00e9e au regard du spectateur.<\/li>\n<\/ul>\n\n\n\n<p>Elle est rarement sujet de l\u2019action. Elle en est le centre visuel, mais pas le moteur narratif. Son corps devient surface esth\u00e9tique.<br>On peut parler ici d\u2019objectification : non pas simplement parce qu\u2019il y a nudit\u00e9, mais parce que le personnage f\u00e9minin est priv\u00e9 d\u2019agentivit\u00e9. Elle est vue, d\u00e9sir\u00e9e, disput\u00e9e, enlev\u00e9e &#8211; mais elle agit peu.<br>Le spectateur, lui, occupe une position confortable : il contemple sans \u00eatre impliqu\u00e9.<\/p>\n\n\n\n<h4 class=\"wp-block-heading\">La narration : au centre de l&#8217;image, absente de l&#8217;action<\/h4>\n\n\n\n<p>La question de la \u201cfemme objet\u201d ne se joue pas uniquement dans la nudit\u00e9 ou dans la pose. Elle est aussi profond\u00e9ment inscrite dans la structure narrative des \u0153uvres. Dans de nombreuses sc\u00e8nes mythologiques ou bibliques &#8211; comme <em>L&#8217;Enl\u00e8vement des Sabines<sup>(A)<\/sup><\/em> ou <em>Le Rapt d&#8217;Europe<\/em><sup>^(B)<\/sup> &#8211; la figure f\u00e9minine occupe le centre de la composition sans pour autant ma\u00eetriser l\u2019action. Elle est l\u2019enjeu du r\u00e9cit, son d\u00e9clencheur, parfois m\u00eame son pr\u00e9texte. Autour d\u2019elle, les figures masculines d\u00e9cident, enl\u00e8vent, combattent, punissent.<\/p>\n\n\n\n<p>Visuellement centrale mais narrativement passive, elle devient le pivot autour duquel l\u2019histoire se d\u00e9ploie sans jamais en \u00eatre v\u00e9ritablement le sujet. Son corps est moteur dramatique, mais sa volont\u00e9 reste silencieuse. Cette dissociation entre centralit\u00e9 visuelle et absence d\u2019agentivit\u00e9 construit la femme non seulement comme image \u00e0 contempler, mais comme ressort narratif &#8211; un \u00e9l\u00e9ment du r\u00e9cit plut\u00f4t qu\u2019un personnage dot\u00e9 d\u2019un pouvoir d\u2019agir.<\/p>\n\n\n\n<h4 class=\"wp-block-heading\">Quand l\u2019esth\u00e9tique neutralise la violence<\/h4>\n\n\n\n<p>L\u2019un des enjeux majeurs de cette r\u00e9flexion est le r\u00f4le de la beaut\u00e9.<br>La peinture transforme la sc\u00e8ne : les gestes sont chor\u00e9graphi\u00e9s, les corps id\u00e9alis\u00e9s, la lumi\u00e8re sublime les peaux. La violence, au lieu d\u2019\u00eatre brutale, devient composition.<br>Plus une \u0153uvre est techniquement admirable, plus elle peut cr\u00e9er une distance \u00e9motionnelle. On admire la virtuosit\u00e9 au lieu de ressentir l\u2019agression. La question devient alors troublante : <em>avons-nous appris \u00e0 ne plus voir certaines violences parce qu\u2019elles sont int\u00e9gr\u00e9es au patrimoine culturel ?<\/em><br><\/p>\n\n\n\n<h4 class=\"wp-block-heading\">Des contre-voix dans l\u2019histoire de l\u2019art<\/h4>\n\n\n\n<p>Cependant, l\u2019histoire de l\u2019art n\u2019est pas monolithique.<br>Certaines artistes ont d\u00e9plac\u00e9 le regard. Artemisia Gentileschi a repr\u00e9sent\u00e9 des h\u00e9ro\u00efnes bibliques avec une intensit\u00e9 et une violence invers\u00e9e, o\u00f9 les femmes reprennent le pouvoir. <\/p>\n\n\n\n<figure class=\"wp-block-image size-large is-resized\"><img loading=\"lazy\" decoding=\"async\" width=\"721\" height=\"1024\" src=\"https:\/\/anadel.fr\/wp-content\/uploads\/2026\/02\/Susanna_and_the_Elders_1610_Artemisia_GentileschiFXD-721x1024.jpg\" alt=\"\" class=\"wp-image-1925\" style=\"aspect-ratio:0.7041085019658767;width:520px;height:auto\" srcset=\"https:\/\/anadel.fr\/wp-content\/uploads\/2026\/02\/Susanna_and_the_Elders_1610_Artemisia_GentileschiFXD-721x1024.jpg 721w, https:\/\/anadel.fr\/wp-content\/uploads\/2026\/02\/Susanna_and_the_Elders_1610_Artemisia_GentileschiFXD-211x300.jpg 211w, https:\/\/anadel.fr\/wp-content\/uploads\/2026\/02\/Susanna_and_the_Elders_1610_Artemisia_GentileschiFXD-768x1091.jpg 768w, https:\/\/anadel.fr\/wp-content\/uploads\/2026\/02\/Susanna_and_the_Elders_1610_Artemisia_GentileschiFXD.jpg 960w\" sizes=\"auto, (max-width: 721px) 100vw, 721px\" \/><\/figure>\n\n\n\n<p class=\"has-text-align-center\"><sup>Artemisia Gentileschi, <em>Suzanne et les Vieillards<\/em>, 1610, Chateau Weissenstein<\/sup><\/p>\n\n\n\n<p>Dans sa version de <em>Suzanne et les vieillards<\/em><sup>(D)<\/sup>, Artemisia Gentileschi transforme la sc\u00e8ne traditionnelle. L\u00e0 o\u00f9 Titien ou Rubens pr\u00e9sentent Suzanne comme un corps id\u00e9al, sublimant la contrainte pour le plaisir du regard, Gentileschi choisit de montrer la peur, la tension et la r\u00e9sistance de la victime. Son regard et sa posture font ressentir l\u2019angoisse de Suzanne : la violence n\u2019est plus d\u00e9corative mais tangible. Mieux encore, la peintre restitue \u00e0 Suzanne une forme de subjectivit\u00e9 et d\u2019agentivit\u00e9, soulignant sa dignit\u00e9 et sa volont\u00e9 de r\u00e9sister, m\u00eame dans la menace.<\/p>\n\n\n\n<p>Par ce choix, Gentileschi d\u00e9centre le regard masculin classique et place le spectateur face \u00e0 la r\u00e9alit\u00e9 psychologique de la violence, plut\u00f4t que de le laisser se contenter d\u2019admirer la beaut\u00e9 formelle.<\/p>\n\n\n\n<figure class=\"wp-block-gallery has-nested-images columns-default is-cropped wp-block-gallery-4 is-layout-flex wp-block-gallery-is-layout-flex\">\n<figure class=\"wp-block-image size-large\"><img loading=\"lazy\" decoding=\"async\" width=\"877\" height=\"1024\" data-id=\"1936\" src=\"https:\/\/anadel.fr\/wp-content\/uploads\/2026\/02\/Gentileschi-Lucrezia-Potsdam-877x1024.jpg\" alt=\"\" class=\"wp-image-1936\" srcset=\"https:\/\/anadel.fr\/wp-content\/uploads\/2026\/02\/Gentileschi-Lucrezia-Potsdam-877x1024.jpg 877w, https:\/\/anadel.fr\/wp-content\/uploads\/2026\/02\/Gentileschi-Lucrezia-Potsdam-257x300.jpg 257w, https:\/\/anadel.fr\/wp-content\/uploads\/2026\/02\/Gentileschi-Lucrezia-Potsdam-768x897.jpg 768w, https:\/\/anadel.fr\/wp-content\/uploads\/2026\/02\/Gentileschi-Lucrezia-Potsdam.jpg 960w\" sizes=\"auto, (max-width: 877px) 100vw, 877px\" \/><\/figure>\n\n\n\n<figure class=\"wp-block-image size-large\"><img loading=\"lazy\" decoding=\"async\" width=\"957\" height=\"1024\" data-id=\"1934\" src=\"https:\/\/anadel.fr\/wp-content\/uploads\/2026\/02\/Lucretia_by_Artemisia_Gentileschi-957x1024.jpg\" alt=\"\" class=\"wp-image-1934\" srcset=\"https:\/\/anadel.fr\/wp-content\/uploads\/2026\/02\/Lucretia_by_Artemisia_Gentileschi-957x1024.jpg 957w, https:\/\/anadel.fr\/wp-content\/uploads\/2026\/02\/Lucretia_by_Artemisia_Gentileschi-280x300.jpg 280w, https:\/\/anadel.fr\/wp-content\/uploads\/2026\/02\/Lucretia_by_Artemisia_Gentileschi-768x822.jpg 768w, https:\/\/anadel.fr\/wp-content\/uploads\/2026\/02\/Lucretia_by_Artemisia_Gentileschi.jpg 960w\" sizes=\"auto, (max-width: 957px) 100vw, 957px\" \/><\/figure>\n<\/figure>\n\n\n\n<p class=\"has-text-align-center\"><sup>Artemisia Gentileschi, <em>Le viol de Lucr\u00e8ce 1650, Lucr\u00e8ce<\/em>, 1625<\/sup><\/p>\n\n\n\n<p>Frida Kahlo a fait de son propre corps un sujet souffrant et pensant, non un objet d\u00e9coratif. \u201cUnos Cuantos Piquetitos\u201d de Frida Kahlo r\u00e9agit \u00e0 l\u2019infid\u00e9lit\u00e9 de Diego Rivera et s\u2019inspire d\u2019un article de presse o\u00f9 l\u2019agresseur minimisait ses actes (\u201cA Few Small Nips\u201d), transformant cette phrase en symbole de violence domestique et de souffrance ignor\u00e9e.\u202f<\/p>\n\n\n\n<figure class=\"wp-block-image size-full\"><img loading=\"lazy\" decoding=\"async\" width=\"800\" height=\"610\" src=\"https:\/\/anadel.fr\/wp-content\/uploads\/2026\/02\/2dc903790e594993a910abebef87b2bd.jpg\" alt=\"\" class=\"wp-image-1947\" srcset=\"https:\/\/anadel.fr\/wp-content\/uploads\/2026\/02\/2dc903790e594993a910abebef87b2bd.jpg 800w, https:\/\/anadel.fr\/wp-content\/uploads\/2026\/02\/2dc903790e594993a910abebef87b2bd-300x229.jpg 300w, https:\/\/anadel.fr\/wp-content\/uploads\/2026\/02\/2dc903790e594993a910abebef87b2bd-768x586.jpg 768w\" sizes=\"auto, (max-width: 800px) 100vw, 800px\" \/><\/figure>\n\n\n\n<p class=\"has-text-align-center\"><sup>Frida Kahlo,<em> Quelques petites piq\u00fbres<\/em>, 1935 <\/sup><\/p>\n\n\n\n<p>Marina Abramovi\u0107 a expos\u00e9 de mani\u00e8re frontale la mani\u00e8re dont un corps f\u00e9minin peut \u00eatre r\u00e9duit \u00e0 un objet d\u00e8s lors qu\u2019il est rendu passif et disponible. Dans <em><a href=\"https:\/\/www.moma.org\/audio\/playlist\/243\/3118\">Rhythm 0 <\/a><\/em>(1974), l&#8217;artiste s\u2019est tenue immobile pendant six heures dans une galerie, laissant le public interagir librement avec elle \u00e0 l\u2019aide de 72 objets dispos\u00e9s sur une table &#8211; des plumes et fleurs aux ciseaux et un pistolet charg\u00e9. Sa consigne \u00e9tait simple : \u201cFaites de moi ce que vous voulez\u201d. Au fil de la performance, l\u2019attitude des visiteurs \u00e9volue : les gestes d\u2019abord h\u00e9sitants et presque ludiques deviennent peu \u00e0 peu intrusifs, agressifs, parfois mena\u00e7ants. Lorsque les six heures prennent fin et qu\u2019Abramovi\u0107 recommence \u00e0 bouger, le public se disperse. Beaucoup quittent la salle, incapables de soutenir le regard de celle qui redevient soudain une personne &#8211; et non plus un objet passif mis \u00e0 leur disposition.<\/p>\n\n\n\n<p><br>En transformant son propre corps en terrain d\u2019exp\u00e9rience, Abramovi\u0107 r\u00e9v\u00e8le ainsi la violence latente qui peut surgir lorsqu\u2019un \u00eatre humain est priv\u00e9 de sa capacit\u00e9 d\u2019agir. Son corps devient un miroir tendu au public, obligeant chacun \u00e0 se confronter \u00e0 sa propre responsabilit\u00e9 dans l\u2019acte de regarder &#8211; et d\u2019agir.<br>Car r\u00e9duire quelqu\u2019un au statut d\u2019objet, c\u2019est aussi effacer ses \u00e9motions, sa volont\u00e9, son humanit\u00e9. La personne devient un simple instrument, qui n\u2019existe que tant qu\u2019elle remplit la fonction qu\u2019on lui attribue. N\u2019est-ce pas, au fond, une condition \u00e0 laquelle les femmes ont \u00e9t\u00e9 trop souvent r\u00e9duites au fil de l\u2019histoire ?<\/p>\n\n\n\n<hr class=\"wp-block-separator has-alpha-channel-opacity\"\/>\n\n\n\n<p>Un autre exemple frappant de la mani\u00e8re dont l\u2019art contemporain r\u00e9interroge les r\u00e9cits de violence mythologique est la sculpture <em>Aiace et Cassandre <\/em>de l\u2019artiste italien Jago, cr\u00e9\u00e9e en 2022 \u202fet expos\u00e9e au <a href=\"https:\/\/jago.art\/en\/artworks\/aiace-cassandra\/\">Jago Museum \u00e0 Naples<\/a>. Cette \u0153uvre s\u2019inspire du mythe grec de Cassandre, fille du roi Priam, qui fut viol\u00e9e par Ajax le Locrien apr\u00e8s la chute de Troie alors qu\u2019elle se r\u00e9fugiait dans le temple d\u2019Ath\u00e9na\u202f: un \u00e9pisode tragique tr\u00e8s pr\u00e9sent dans la litt\u00e9rature ancienne. Plut\u00f4t que de figurer la violence comme un motif esth\u00e9tis\u00e9, Jago choisit de bloquer le moment de r\u00e9action de Cassandre, la montrant en pleine lutte, les muscles tendus, le visage pris dans un cri de col\u00e8re et de r\u00e9sistance, cherchant \u00e0 se d\u00e9fendre contre l\u2019agresseur. <\/p>\n\n\n\n<figure class=\"wp-block-image size-large\"><img loading=\"lazy\" decoding=\"async\" width=\"683\" height=\"1024\" src=\"https:\/\/anadel.fr\/wp-content\/uploads\/2026\/02\/jago-683x1024.jpg\" alt=\"\" class=\"wp-image-1956\" srcset=\"https:\/\/anadel.fr\/wp-content\/uploads\/2026\/02\/jago-683x1024.jpg 683w, https:\/\/anadel.fr\/wp-content\/uploads\/2026\/02\/jago-200x300.jpg 200w, https:\/\/anadel.fr\/wp-content\/uploads\/2026\/02\/jago-768x1152.jpg 768w, https:\/\/anadel.fr\/wp-content\/uploads\/2026\/02\/jago-1024x1536.jpg 1024w, https:\/\/anadel.fr\/wp-content\/uploads\/2026\/02\/jago-1366x2048.jpg 1366w, https:\/\/anadel.fr\/wp-content\/uploads\/2026\/02\/jago-1568x2352.jpg 1568w, https:\/\/anadel.fr\/wp-content\/uploads\/2026\/02\/jago-scaled.jpg 1707w\" sizes=\"auto, (max-width: 683px) 100vw, 683px\" \/><\/figure>\n\n\n\n<p>Jago, <em>Ajax et Cassandre<\/em>, 2022, Jago Museum<\/p>\n\n\n\n<p>Dans cette repr\u00e9sentation, la femme n\u2019est plus un corps passif offert au regard\u202f: elle est actrice de sa propre r\u00e9sistance, exprimant de mani\u00e8re visc\u00e9rale le combat face \u00e0 la violence. Ce choix artistique d\u00e9place la sc\u00e8ne du spectacle glorifi\u00e9 vers l\u2019expression brute d\u2019une lutte humaine, obligeant le spectateur \u00e0 reconna\u00eetre la violence sans la sublimer, mais aussi la force de l\u2019opposition et la dignit\u00e9 de celle qui refuse de se laisser r\u00e9duire \u00e0 un simple objet narratif.<\/p>\n\n\n\n<p>Dans ces d\u00e9marches, la beaut\u00e9 ne prot\u00e8ge plus le spectateur. Elle confronte.<\/p>\n\n\n\n<h4 class=\"wp-block-heading\">Le succ\u00e8s des centaures \u00e0 travers les si\u00e8cles <\/h4>\n\n\n\n<p>Le succ\u00e8s, dans l\u2019histoire de l\u2019art, des sc\u00e8nes mettant en sc\u00e8ne des centaures est tout aussi r\u00e9v\u00e9lateur. Ces cr\u00e9atures mi-hommes mi-chevaux incarnent la fronti\u00e8re fragile entre civilisation et instinct. Dans de nombreux mythes, cette part animale se manifeste par une violence sexuelle incontr\u00f4l\u00e9e. <\/p>\n\n\n\n<figure class=\"wp-block-gallery has-nested-images columns-default is-cropped wp-block-gallery-5 is-layout-flex wp-block-gallery-is-layout-flex\">\n<figure class=\"wp-block-image size-large\"><img loading=\"lazy\" decoding=\"async\" width=\"1024\" height=\"974\" data-id=\"1986\" src=\"https:\/\/anadel.fr\/wp-content\/uploads\/2026\/02\/Sculpture2-1024x974.jpeg\" alt=\"\" class=\"wp-image-1986\" srcset=\"https:\/\/anadel.fr\/wp-content\/uploads\/2026\/02\/Sculpture2-1024x974.jpeg 1024w, https:\/\/anadel.fr\/wp-content\/uploads\/2026\/02\/Sculpture2-300x285.jpeg 300w, https:\/\/anadel.fr\/wp-content\/uploads\/2026\/02\/Sculpture2-768x730.jpeg 768w, https:\/\/anadel.fr\/wp-content\/uploads\/2026\/02\/Sculpture2-1536x1461.jpeg 1536w, https:\/\/anadel.fr\/wp-content\/uploads\/2026\/02\/Sculpture2-2048x1948.jpeg 2048w, https:\/\/anadel.fr\/wp-content\/uploads\/2026\/02\/Sculpture2-1568x1491.jpeg 1568w\" sizes=\"auto, (max-width: 1024px) 100vw, 1024px\" \/><\/figure>\n<\/figure>\n\n\n\n<p class=\"has-text-align-center\"><sup>Chinard Joseph, <em>L&#8217;enl\u00e8vement de D\u00e9janire<\/em>, XVIII\u00e8me si\u00e8cle<\/sup><\/p>\n\n\n\n<p>L\u2019\u00e9pisode de l\u2019enl\u00e8vement de D\u00e9janire par le centaure Nessus, souvent repr\u00e9sent\u00e9 en sculpture ou en peinture, en est un exemple frappant : la jeune femme se d\u00e9bat tandis que le centaure l\u2019emporte dans un \u00e9lan brutal. Ce th\u00e8me de la femme saisie par un centaure traverse les si\u00e8cles, de la Renaissance jusqu\u2019au XX\u1d49 si\u00e8cle. M\u00eame Pablo Picasso s\u2019en empare, parfois dans un registre plus libre ou plus ironique, o\u00f9 la violence semble presque att\u00e9nu\u00e9e par un traitement graphique plus ludique.<\/p>\n\n\n\n<figure class=\"wp-block-image size-large\"><img loading=\"lazy\" decoding=\"async\" width=\"1024\" height=\"1024\" src=\"https:\/\/anadel.fr\/wp-content\/uploads\/2026\/02\/Picasso_centaure-1024x1024.webp\" alt=\"\" class=\"wp-image-1987\" srcset=\"https:\/\/anadel.fr\/wp-content\/uploads\/2026\/02\/Picasso_centaure-1024x1024.webp 1024w, https:\/\/anadel.fr\/wp-content\/uploads\/2026\/02\/Picasso_centaure-300x300.webp 300w, https:\/\/anadel.fr\/wp-content\/uploads\/2026\/02\/Picasso_centaure-150x150.webp 150w, https:\/\/anadel.fr\/wp-content\/uploads\/2026\/02\/Picasso_centaure-768x768.webp 768w, https:\/\/anadel.fr\/wp-content\/uploads\/2026\/02\/Picasso_centaure-1536x1536.webp 1536w, https:\/\/anadel.fr\/wp-content\/uploads\/2026\/02\/Picasso_centaure-1568x1568.webp 1568w, https:\/\/anadel.fr\/wp-content\/uploads\/2026\/02\/Picasso_centaure.webp 1588w\" sizes=\"auto, (max-width: 1024px) 100vw, 1024px\" \/><\/figure>\n\n\n\n<p class=\"has-text-align-center\"> <sup>Pablo Picasso, <em>Centaure et femme<\/em>, 1930, dessin<\/sup><\/p>\n\n\n\n<p>Pourtant, derri\u00e8re ces variations stylistiques, le motif reste le m\u00eame : un corps f\u00e9minin pris dans la confrontation brutale entre la force animale et la fragilit\u00e9 humaine. Le centaure devient alors une m\u00e9taphore commode de la pulsion sexuelle pr\u00e9sent\u00e9e comme instinctive, irr\u00e9pressible, presque naturelle. Mais une question demeure : pourquoi, pendant si longtemps, les artistes ont-ils choisi de repr\u00e9senter cette violence du point de vue du ravisseur &#8211; et si rarement du point de vue de la femme qui la subit ?<\/p>\n\n\n\n<p><\/p>\n\n\n\n<h4 class=\"wp-block-heading\">Faut-il censurer ces \u0153uvres ?<\/h4>\n\n\n\n<p>La r\u00e9ponse la plus f\u00e9conde n\u2019est sans doute pas la censure, mais la contextualisation. Il ne s\u2019agit pas d\u2019effacer les chefs-d\u2019\u0153uvre, mais d\u2019\u00e9largir leur lecture. De reconna\u00eetre que derri\u00e8re certaines sc\u00e8nes mythologiques se trouvent des repr\u00e9sentations de rapports de pouvoir tr\u00e8s concrets. Apprendre \u00e0 regarder autrement ne d\u00e9truit pas l\u2019art. Cela l\u2019enrichit.<\/p>\n\n\n\n<h4 class=\"wp-block-heading\">Revoir notre regard<\/h4>\n\n\n\n<p>Ce d\u00e9bat ne concerne pas seulement les mus\u00e9es. Il interroge notre culture visuelle en profondeur. Si nous avons longtemps admir\u00e9 des images de femmes enlev\u00e9es, contraintes ou expos\u00e9es sans les nommer comme telles, cela dit quelque chose de notre h\u00e9ritage symbolique. La question n\u2019est pas :<br><em>\u201cPeut-on encore aimer ces \u0153uvres ?\u201d<\/em><br>Mais plut\u00f4t :<br><em>\u201cQue choisissons-nous de voir quand nous les regardons ?\u201d<\/em><br>Repenser la femme objet dans l\u2019art, ce n\u2019est pas juger le pass\u00e9 avec arrogance. C\u2019est accepter que la beaut\u00e9 puisse coexister avec la violence &#8211; et que notre regard m\u00e9rite, lui aussi, d\u2019\u00e9voluer.*<\/p>\n\n\n\n<h4 class=\"wp-block-heading\">La \u201cfemme objet\u201d : une construction historique<\/h4>\n\n\n\n<p>Apr\u00e8s avoir explor\u00e9 comment l\u2019art a souvent sublim\u00e9 les violences sexuelles contre les femmes, il est utile de replacer cette question dans une perspective plus large. M\u00eame en dehors des sc\u00e8nes de contrainte, le corps f\u00e9minin a longtemps \u00e9t\u00e9 construit comme objet de regard et support narratif. <\/p>\n\n\n\n<p>La \u201cfemme objet\u201d n\u2019est pas seulement un clich\u00e9 moderne n\u00e9 de la publicit\u00e9 ou du cin\u00e9ma contemporain. C\u2019est une structure visuelle ancienne, profond\u00e9ment encr\u00e9e dans l&#8217;histoire de l&#8217;art occidental. <\/p>\n\n\n\n<p>Elle appara\u00eet lorsque plusieurs \u00e9l\u00e9ments se combinent :<br>&#8211; le corps f\u00e9minin est destin\u00e9 au plaisir du regard,<br>&#8211; son int\u00e9riorit\u00e9 n\u2019est pas repr\u00e9sent\u00e9e,<br>&#8211; son r\u00f4le est symbolique plut\u00f4t qu\u2019actif,<br>&#8211; elle sert d\u2019enjeu entre figures masculines, <\/p>\n\n\n\n<p>&#8211; le spectateur occupe une position implicite de domination visuelle.<\/p>\n\n\n\n<p>Dans ce dispositif, la femme n\u2019est pas n\u00e9cessairement humili\u00e9e ou d\u00e9grad\u00e9e. Elle peut \u00eatre id\u00e9alis\u00e9e, magnifi\u00e9e, c\u00e9l\u00e9br\u00e9e. Mais elle est avant tout vue. Son existence picturale est organis\u00e9e autour de sa visibilit\u00e9.<br>Un exemple canonique est <em>Olympia<\/em> de \u00c9douard Manet : ici, pas de violence, mais une structuration similaire du pouvoir du regard et de la visibilit\u00e9.. Le tableau a fait scandale en 1865 : le mod\u00e8le y regarde frontalement le spectateur, consciente d\u2019\u00eatre observ\u00e9e. Ce face-\u00e0-face semblait rompre avec la tradition. Pourtant, malgr\u00e9 sa dimension provocatrice et moderne, Olympia s\u2019inscrit dans une longue lign\u00e9e du nu f\u00e9minin comme spectacle &#8211; h\u00e9riti\u00e8re des V\u00e9nus allong\u00e9es de la Renaissance. La rupture est r\u00e9elle, mais elle r\u00e9v\u00e8le aussi la persistance du cadre : un corps f\u00e9minin offert au regard.<\/p>\n\n\n\n<figure class=\"wp-block-image size-full\"><img loading=\"lazy\" decoding=\"async\" width=\"886\" height=\"600\" src=\"https:\/\/anadel.fr\/wp-content\/uploads\/2025\/12\/Olympia-Edouard-Manet-1.jpg\" alt=\"\" class=\"wp-image-1223\" srcset=\"https:\/\/anadel.fr\/wp-content\/uploads\/2025\/12\/Olympia-Edouard-Manet-1.jpg 886w, https:\/\/anadel.fr\/wp-content\/uploads\/2025\/12\/Olympia-Edouard-Manet-1-300x203.jpg 300w, https:\/\/anadel.fr\/wp-content\/uploads\/2025\/12\/Olympia-Edouard-Manet-1-768x520.jpg 768w\" sizes=\"auto, (max-width: 886px) 100vw, 886px\" \/><\/figure>\n\n\n\n<p>Dans ces configurations, la femme est moins un personnage qu\u2019un support : support de d\u00e9sir, de pouvoir, de rivalit\u00e9 sociale ou symbolique. Elle devient surface d\u2019inscription des fantasmes et des hi\u00e9rarchies. <\/p>\n\n\n\n<p>Cette construction s\u2019est impos\u00e9e comme norme esth\u00e9tique pendant des si\u00e8cles, au point de devenir presque invisible. Elle structure la composition (corps horizontal, disponibilit\u00e9 du regard), la narration (passivit\u00e9, silence), et la r\u00e9ception (spectateur plac\u00e9 en position dominante).<\/p>\n\n\n\n<p>\u00c0 partir des ann\u00e9es 1970, la critique f\u00e9ministe mettra des mots sur ce m\u00e9canisme. La th\u00e9oricienne&nbsp;Laura Mulvey&nbsp;parle de&nbsp;<em>male gaze<\/em>&nbsp; &#8211; pour d\u00e9signer un syst\u00e8me de repr\u00e9sentation dans lequel les images sont construites depuis une perspective masculine h\u00e9t\u00e9rosexuelle, faisant de la femme un objet de vision et de d\u00e9sir plut\u00f4t qu\u2019un sujet agissant.<\/p>\n\n\n\n<p>Ce concept, d\u2019abord formul\u00e9 \u00e0 propos du cin\u00e9ma, permet aussi de relire l\u2019histoire de l\u2019art : il ne s\u2019agit pas seulement de ce qui est montr\u00e9, mais de&nbsp;qui regarde, depuis quelle position, et avec quel pouvoir.<\/p>\n\n\n\n<p>Repenser la \u201cfemme objet\u201d, ce n\u2019est donc pas condamner toutes les repr\u00e9sentations du nu f\u00e9minin. C\u2019est interroger la structure qui organise le regard &#8211; et comprendre comment, pendant des si\u00e8cles, l\u2019art a naturalis\u00e9 une asym\u00e9trie entre celui qui voit et celle qui est vue.<br><\/p>\n\n\n\n<p>Sources :<\/p>\n\n\n\n<ol class=\"wp-block-list\">\n<li>ARTE  : documentaire &#8220;La violence \u00e9rotis\u00e9e dans l&#8217;art &#8211; Proserpine et les autres&#8221; <\/li>\n\n\n\n<li>Wikip\u00e9dia<\/li>\n\n\n\n<li><a href=\"https:\/\/wahooart.com\/fr\/art\/frida-kahlo-quelques-petites-piqures-8CEFJG-fr\/?srsltid=AfmBOoo_olYpJ3opZUb1FN05dWk7Ue45nXq_3aQbLuZJnlPlXFNguJ25#artwork-description\">wahooart<\/a> &#8211; &#8220;Unos Cuantos Piquetitos&#8221;<\/li>\n\n\n\n<li><a href=\"https:\/\/www.moma.org\/audio\/playlist\/243\/3118\">Moma, Marina Abramovic <\/a><\/li>\n\n\n\n<li><a href=\"https:\/\/shilohproject.blog\/susanna-and-the-elders-restored-by-artist-kathleen-gilje\/\" target=\"_blank\" rel=\"noreferrer noopener\">Suzanna and the Elders, restored by artist Kathleen Gilje<\/a><\/li>\n\n\n\n<li><a href=\"https:\/\/www.konbini.com\/popculture\/le-baiser-de-klimt-serait-il-en-realite-lun-des-tableaux-les-plus-violents-qui-existent\/\">Le Baiser de Klimt<\/a> serait-il en r\u00e9alit\u00e9 un des tableaux les plus violents qui existent ? <\/li>\n<\/ol>\n\n\n\n<hr class=\"wp-block-separator has-alpha-channel-opacity\"\/>\n\n\n\n<h4 class=\"wp-block-heading\">A. L&#8217;enl\u00e8vement des Sabines<\/h4>\n\n\n\n<p><em>L\u2019enl\u00e8vement des Sabines<\/em> est l\u2019un des r\u00e9cits fondateurs de la Rome antique. Selon la tradition, la jeune cit\u00e9 fond\u00e9e par Romulus \u00e9tait peupl\u00e9e presque uniquement d\u2019hommes : des guerriers, des aventuriers, des exil\u00e9s &#8211; mais sans femmes, et donc sans descendance possible. Les peuples voisins refusant de marier leurs filles aux Romains, Romulus imagina un stratag\u00e8me. Il invita les Sabins \u00e0 de grandes f\u00eates et, au signal convenu, les Romains enlev\u00e8rent leurs jeunes femmes au milieu de la foule. Ce rapt collectif d\u00e9clencha une guerre entre les deux peuples. Selon la l\u00e9gende, ce sont finalement les femmes elles-m\u00eames, devenues \u00e9pouses et m\u00e8res entre-temps, qui s\u2019interpos\u00e8rent entre leurs p\u00e8res sabins et leurs maris romains pour mettre fin au conflit.<\/p>\n\n\n\n<figure class=\"wp-block-gallery has-nested-images columns-default is-cropped wp-block-gallery-6 is-layout-flex wp-block-gallery-is-layout-flex\">\n<figure class=\"wp-block-image size-large\"><img loading=\"lazy\" decoding=\"async\" width=\"960\" height=\"638\" data-id=\"1938\" src=\"https:\/\/anadel.fr\/wp-content\/uploads\/2026\/02\/960px-Cortona_Rape_of_the_Sabine_Women_01.jpg\" alt=\"\" class=\"wp-image-1938\" srcset=\"https:\/\/anadel.fr\/wp-content\/uploads\/2026\/02\/960px-Cortona_Rape_of_the_Sabine_Women_01.jpg 960w, https:\/\/anadel.fr\/wp-content\/uploads\/2026\/02\/960px-Cortona_Rape_of_the_Sabine_Women_01-300x199.jpg 300w, https:\/\/anadel.fr\/wp-content\/uploads\/2026\/02\/960px-Cortona_Rape_of_the_Sabine_Women_01-768x510.jpg 768w\" sizes=\"auto, (max-width: 960px) 100vw, 960px\" \/><\/figure>\n\n\n\n<figure class=\"wp-block-image size-large\"><img loading=\"lazy\" decoding=\"async\" width=\"960\" height=\"707\" data-id=\"1939\" src=\"https:\/\/anadel.fr\/wp-content\/uploads\/2026\/02\/960px-The_Rape_of_the_Sabine_Women.jpg\" alt=\"\" class=\"wp-image-1939\" srcset=\"https:\/\/anadel.fr\/wp-content\/uploads\/2026\/02\/960px-The_Rape_of_the_Sabine_Women.jpg 960w, https:\/\/anadel.fr\/wp-content\/uploads\/2026\/02\/960px-The_Rape_of_the_Sabine_Women-300x221.jpg 300w, https:\/\/anadel.fr\/wp-content\/uploads\/2026\/02\/960px-The_Rape_of_the_Sabine_Women-768x566.jpg 768w\" sizes=\"auto, (max-width: 960px) 100vw, 960px\" \/><\/figure>\n<\/figure>\n\n\n\n<p class=\"has-text-align-center\"><sup><em>L&#8217;enl\u00e8vement des Sabines<\/em> &#8211; Pietro da Cortona 1629; Nicolas Poussin 1635<\/sup><\/p>\n\n\n\n<p>Ce r\u00e9cit de violence fondatrice a fascin\u00e9 les artistes pendant des si\u00e8cles. Il offre \u00e0 la fois le spectacle du mouvement, de la foule, du chaos &#8211; et celui de femmes arrach\u00e9es, port\u00e9es, saisies par des hommes. Dans la peinture baroque de Pietro da Cortona, les corps f\u00e9minins sont emport\u00e9s comme une moisson humaine : les femmes sont litt\u00e9ralement cueillies au milieu de la foule, soulev\u00e9es, dispers\u00e9es, emport\u00e9es par les guerriers. Ce qui frappe d\u2019autant plus, c\u2019est que ce tableau a \u00e9t\u00e9 command\u00e9 comme cadeau de mariage. Le sujet insiste alors sur une id\u00e9e implicite : les Romains &#8220;ont besoin&#8221; de femmes pour assurer leur descendance, et le mariage appara\u00eet comme le destin naturel de ces corps f\u00e9minins, appel\u00e9s \u00e0 se soumettre \u00e0 la volont\u00e9 masculine.<\/p>\n\n\n\n<p><br>Chez Nicolas Poussin, le m\u00eame \u00e9pisode prend une tonalit\u00e9 tr\u00e8s diff\u00e9rente. La composition reste spectaculaire, mais la sc\u00e8ne devient plus tendue, plus dramatique. Les gestes sont plus expressifs, les visages des femmes marqu\u00e9s par la peur et la douleur. Dans sa version de <em>L\u2019Enl\u00e8vement des Sabines<\/em>, aujourd\u2019hui conserv\u00e9e au Metropolitan Museum of Art, la violence de la sc\u00e8ne devient impossible \u00e0 ignorer : les femmes ne sont plus de simples figures d\u00e9coratives dans un tumulte h\u00e9ro\u00efque, mais les victimes d\u2019un rapt collectif.<\/p>\n\n\n\n<p><br>Cette histoire met aussi en lumi\u00e8re une constante plus large : \u00e0 travers les si\u00e8cles, les femmes ont souvent \u00e9t\u00e9 r\u00e9duites \u00e0 une seule fonction sociale. Les hommes pouvaient \u00eatre chefs d\u2019\u00c9tat, guerriers, philosophes, savants &#8211; et parfois p\u00e8res. Les femmes, elles, \u00e9taient surtout d\u00e9finies comme \u00e9pouses, m\u00e8res ou amantes, des corps n\u00e9cessaires \u00e0 la reproduction et \u00e0 la continuit\u00e9 des lign\u00e9es. L\u2019histoire de l\u2019enl\u00e8vement des Sabines en est une illustration frappante : des femmes enlev\u00e9es pour assurer l\u2019avenir d\u2019un peuple.<\/p>\n\n\n\n<p><br>Aujourd\u2019hui, pourtant, peu de visiteurs reconnaissent spontan\u00e9ment ce r\u00e9cit antique devant les tableaux de Poussin ou d\u2019autres artistes. Peut-\u00eatre faudrait-il trouver des moyens &#8211; par les cartels ou par la m\u00e9diation &#8211; de rappeler la gravit\u00e9 de ces sujets. Car derri\u00e8re la virtuosit\u00e9 picturale et la beaut\u00e9 des compositions se cache une histoire de violence collective que la tradition artistique a longtemps pr\u00e9sent\u00e9e comme un \u00e9pisode h\u00e9ro\u00efque.<\/p>\n\n\n\n<h4 class=\"wp-block-heading\">B. Le rapt d&#8217;Europe<\/h4>\n\n\n\n<p>Le mythe du&nbsp;<em>Rapt d\u2019Europe<\/em>&nbsp;raconte l\u2019enl\u00e8vement de la princesse&nbsp;Europe, fille du roi&nbsp;Ag\u00e9nor. Selon la l\u00e9gende, le dieu&nbsp;Zeus, \u00e9pris de la jeune femme, se transforme en un magnifique taureau blanc et s\u2019approche d\u2019elle alors qu\u2019elle joue sur le rivage avec ses compagnes. S\u00e9duite par la douceur apparente de l\u2019animal, Europe monte sur son dos. Aussit\u00f4t, le taureau s\u2019\u00e9lance vers la mer et l\u2019emporte au loin, jusqu\u2019en&nbsp;Cr\u00e8te o\u00f9 Zeus r\u00e9v\u00e8le sa v\u00e9ritable identit\u00e9. Comme dans tant d\u2019autres r\u00e9cits mythologiques, le d\u00e9sir d\u2019un dieu se traduit par un enl\u00e8vement d\u00e9guis\u00e9 en s\u00e9duction.<\/p>\n\n\n\n<p>Ce moment spectaculaire a inspir\u00e9 de nombreux artistes, notamment&nbsp;Titien&nbsp;dans son tableau<em>&nbsp;Le Rapt d\u2019Europe<\/em>. La sc\u00e8ne se d\u00e9ploie dans un tourbillon de mouvement : le taureau fend les vagues tandis qu\u2019Europe, agripp\u00e9e \u00e0 son dos, semble vaciller entre fascination et panique. Le peintre accentue la dimension dramatique par le tumulte de la mer, les gestes d\u00e9sordonn\u00e9s de la jeune femme et les draperies qui s\u2019envolent. Pourtant, comme souvent dans la peinture de la Renaissance, la violence du rapt se trouve envelopp\u00e9e dans une image d\u2019une grande sensualit\u00e9 : le corps d\u2019Europe, lumineux et expos\u00e9, devient le centre visuel de la composition. Derri\u00e8re la beaut\u00e9 de la sc\u00e8ne se cache ainsi une histoire d\u2019enl\u00e8vement, o\u00f9 le regard du spectateur oscille entre admiration esth\u00e9tique et conscience d\u2019une violence que le mythe &#8211; et parfois la peinture &#8211; tend \u00e0 transformer en spectacle.<\/p>\n\n\n\n<h4 class=\"wp-block-heading\">C. Le rapt de Proserpine (voir <a href=\"https:\/\/anadel.fr\/index.php\/2025\/12\/07\/apollon-et-daphne\/\">Apollon et Daphn\u00e9<\/a>)<\/h4>\n\n\n\n<p>Dans la tradition latine racont\u00e9e par Ovide et Claudien, Proserpine, fille de Jupiter et de C\u00e9r\u00e8s, cueillait paisiblement des fleurs lorsqu\u2019un fracas souterrain d\u00e9chira la terre : Pluton surgit, debout sur son char attel\u00e9 de chevaux noirs, et l\u2019enleva de force vers les Enfers. Les cris de la jeune fille parviennent \u00e0 C\u00e9r\u00e8s, qui, folle de douleur, ass\u00e8che les terres et ruine les r\u00e9coltes jusqu\u2019\u00e0 obtenir l\u2019intervention de Jupiter. Un accord est finalement conclu : Proserpine passera six mois aupr\u00e8s de sa m\u00e8re, ramenant avec elle la lumi\u00e8re et le renouveau du printemps, puis six mois aupr\u00e8s de Pluton, laissant la terre entrer dans l\u2019automne et le sommeil de l\u2019hiver. Bernini choisit de repr\u00e9senter l\u2019instant le plus dramatique du mythe : le moment o\u00f9 Pluton saisit Proserpine qui se d\u00e9bat encore, tandis que Cerb\u00e8re, \u00e0 ses pieds, annonce d\u00e9j\u00e0 le royaume des ombres o\u00f9 elle est entra\u00een\u00e9e malgr\u00e9 elle.<\/p>\n\n\n\n<h4 class=\"wp-block-heading\">D. Suzanne et les viellards<\/h4>\n\n\n\n<p>L\u2019histoire biblique de&nbsp;<em>Suzanne&nbsp;et les vieillards<\/em>&nbsp;est l\u2019un de ces r\u00e9cits qui ont fascin\u00e9 les peintres pendant des si\u00e8cles. Surprise au bain par deux juges \u00e2g\u00e9s qui l\u2019\u00e9pient en secret, Suzanne refuse de c\u00e9der \u00e0 leur chantage ; humili\u00e9s, ils l\u2019accusent alors d\u2019adult\u00e8re et la font condamner \u00e0 mort. Elle est sauv\u00e9e in extremis lorsque le jeune proph\u00e8te&nbsp;Daniel d\u00e9masque leur mensonge. <\/p>\n\n\n\n<p>Sous couvert de sujet biblique, cette histoire a surtout offert aux artistes un pr\u00e9texte id\u00e9al pour repr\u00e9senter une femme nue observ\u00e9e par des voyeurs. Mais tout d\u00e9pend du regard du peintre : chez&nbsp;Rembrandt, Suzanne se tourne vers nous et nous prend \u00e0 t\u00e9moin, comme si le spectateur \u00e9tait soudain happ\u00e9 dans la sc\u00e8ne ; chez&nbsp;Tintoretto, au contraire, les vieillards sont encore cach\u00e9s et nous partageons leur point de vue indiscret &#8211; nous devenons, malgr\u00e9 nous, des voyeurs. Il faut attendre&nbsp;Artemisia Gentileschi&nbsp;pour voir Suzanne r\u00e9agir avec force : elle se d\u00e9tourne, repousse les hommes, et l\u2019on sent toute la col\u00e8re provoqu\u00e9e par ces regards intrusifs. Trois si\u00e8cles plus tard,&nbsp;Kathleen Gilje&nbsp;imagine m\u00eame, \u00e0 partir d\u2019une fausse restauration aux rayons X, une version o\u00f9 Suzanne se rebelle ouvertement. Comme si l\u2019histoire de l\u2019art redonnait enfin une voix \u00e0 celle qui, pendant si longtemps, n\u2019avait \u00e9t\u00e9 qu\u2019un corps regard\u00e9.<\/p>\n\n\n\n<h4 class=\"wp-block-heading\">E. Le viol de Lucr\u00e8ce<\/h4>\n\n\n\n<p>L\u2019histoire de <em>Lucr\u00e8ce<\/em> compte parmi les r\u00e9cits les plus tragiques de la Rome antique. Les auteurs antiques racontent qu\u2019elle incarnait l\u2019\u00e9pouse id\u00e9ale, admir\u00e9e pour sa vertu et sa fid\u00e9lit\u00e9. Sa r\u00e9putation attire l\u2019attention du fils du roi de Rome, Sextus Tarquin. Une nuit, il s\u2019introduit chez elle, la menace et la viole. D\u00e9vast\u00e9e par cette violence et par le d\u00e9shonneur que la soci\u00e9t\u00e9 fait peser sur elle, Lucr\u00e8ce convoque son mari et ses proches pour leur r\u00e9v\u00e9ler ce qui s\u2019est pass\u00e9. Puis, malgr\u00e9 son innocence, elle se donne la mort avec un poignard. Sa mort provoque un immense scandale \u00e0 Rome et d\u00e9clenche une r\u00e9volte qui renverse la monarchie et conduit \u00e0 la naissance de la R\u00e9publique.<\/p>\n\n\n\n<p><br>Ce r\u00e9cit a profond\u00e9ment marqu\u00e9 l\u2019histoire de l\u2019art et a \u00e9t\u00e9 repr\u00e9sent\u00e9 d\u2019innombrables fois. Paradoxalement, le sujet figurait souvent dans des tableaux offerts en cadeau de mariage : une mani\u00e8re d\u2019exalter la vertu conjugale \u00e0 travers un \u00e9pisode pourtant marqu\u00e9 par une violence extr\u00eame. Les peintres y trouvent aussi l\u2019occasion de repr\u00e9senter un corps f\u00e9minin dans un moment de tension dramatique.<\/p>\n\n\n\n<p><br>Chez Titien, la sc\u00e8ne appara\u00eet d\u2019une brutalit\u00e9 presque frontale : l\u2019agression n\u2019est pas att\u00e9nu\u00e9e, et la pr\u00e9sence de Tarquin envahit litt\u00e9ralement l\u2019espace de Lucr\u00e8ce. Chez Tintoretto, la jeune femme semble incapable de se d\u00e9fendre. Tarquin lui arrache un collier de perles &#8211; symbole traditionnel de puret\u00e9 &#8211; comme si ce geste marquait la destruction de son innocence.<\/p>\n\n\n\n<figure class=\"wp-block-image size-full\"><img loading=\"lazy\" decoding=\"async\" width=\"405\" height=\"480\" src=\"https:\/\/anadel.fr\/wp-content\/uploads\/2026\/02\/Tintoretto_Lucrece_et-tarquin.jpg\" alt=\"\" class=\"wp-image-1972\" srcset=\"https:\/\/anadel.fr\/wp-content\/uploads\/2026\/02\/Tintoretto_Lucrece_et-tarquin.jpg 405w, https:\/\/anadel.fr\/wp-content\/uploads\/2026\/02\/Tintoretto_Lucrece_et-tarquin-253x300.jpg 253w\" sizes=\"auto, (max-width: 405px) 100vw, 405px\" \/><\/figure>\n\n\n\n<p class=\"has-text-align-center\"><sup>Tintoretto, <em>Tarquin et Lucr\u00e8ce, 1580-1590, The art Institute of Chicago<\/em><\/sup> <\/p>\n\n\n\n<p>La mani\u00e8re dont le corps de Lucr\u00e8ce est montr\u00e9 ici est particuli\u00e8rement r\u00e9v\u00e9latrice. Sa posture met souvent en valeur sa beaut\u00e9 : la lumi\u00e8re souligne sa peau, les lignes de son corps sont soigneusement expos\u00e9es. Le regard du spectateur se trouve ainsi attir\u00e9 vers ce corps d\u00e9voil\u00e9, presque comme si cette beaut\u00e9 pouvait expliquer le d\u00e9sir de son agresseur. L\u2019image op\u00e8re alors un glissement troublant : la violence masculine reste pr\u00e9sente, mais la mise en sc\u00e8ne semble sugg\u00e9rer que la beaut\u00e9 de la femme aurait suscit\u00e9 la faute. Une logique ancienne et persistante qui finit par faire peser sur la victime une part de responsabilit\u00e9 dans la violence qu\u2019elle subit.<\/p>\n\n\n\n<h4 class=\"wp-block-heading\">F. Le Baiser de Klimt<\/h4>\n\n\n\n<p>\u00c0\u00a0Vienne,\u00a0<em>Le Baiser<\/em>\u00a0de\u00a0Gustav Klimt\u00a0[1862-1918], conserv\u00e9 au\u00a0Palais du Belv\u00e9d\u00e8re, est devenu une v\u00e9ritable ic\u00f4ne &#8211; presque l\u2019\u00e9quivalent viennois de la\u00a0<em>La Joconde<\/em>\u00a0au\u00a0Mus\u00e9e du Louvre. \u00c0 premi\u00e8re vue, l\u2019\u0153uvre appara\u00eet comme un hymne \u00e9clatant \u00e0 l\u2019amour : un couple enlac\u00e9, envelopp\u00e9 d\u2019or et de motifs d\u00e9coratifs, semble suspendu dans une \u00e9treinte fusionnelle. L\u2019homme, debout et pench\u00e9 sur sa compagne, l\u2019embrasse sur la joue tandis qu\u2019il lui maintient la t\u00eate d\u2019une main ferme, l\u2019autre soutenant sa nuque. La femme, agenouill\u00e9e face \u00e0 lui malgr\u00e9 une taille presque \u00e9quivalente, ferme les yeux.<\/p>\n\n\n\n<figure class=\"wp-block-image size-full\"><img loading=\"lazy\" decoding=\"async\" width=\"560\" height=\"562\" src=\"https:\/\/anadel.fr\/wp-content\/uploads\/2026\/02\/The_Kiss_-_Gustav_Klimt_-_Google_Cultural_Institute.jpg\" alt=\"\" class=\"wp-image-1981\" srcset=\"https:\/\/anadel.fr\/wp-content\/uploads\/2026\/02\/The_Kiss_-_Gustav_Klimt_-_Google_Cultural_Institute.jpg 560w, https:\/\/anadel.fr\/wp-content\/uploads\/2026\/02\/The_Kiss_-_Gustav_Klimt_-_Google_Cultural_Institute-300x300.jpg 300w, https:\/\/anadel.fr\/wp-content\/uploads\/2026\/02\/The_Kiss_-_Gustav_Klimt_-_Google_Cultural_Institute-150x150.jpg 150w\" sizes=\"auto, (max-width: 560px) 100vw, 560px\" \/><\/figure>\n\n\n\n<p class=\"has-text-align-center\"><sup>Gustav Klimt, Le Baiser, 180cm*180cm, huile et feuilles d&#8217;or sur toile, 1909 Palais de Belv\u00e9d\u00e8re, Vienne<\/sup> <\/p>\n\n\n\n<p>Mais cette sc\u00e8ne d\u2019amour parfait devient plus ambigu\u00eb lorsqu\u2019on observe les corps de plus pr\u00e8s. La posture masculine domine clairement : l\u2019homme se penche, enveloppe et saisit, tandis que la femme se trouve renvers\u00e9e en arri\u00e8re, le cou inclin\u00e9 dans une position presque contrainte. Les motifs renforcent ce contraste : la tunique masculine se couvre de rectangles rigides et sombres, alors que la robe de la femme se pare de formes rondes et fleuries, comme si l\u2019opposition entre force et douceur, contr\u00f4le et abandon, s\u2019inscrivait jusque dans l\u2019ornement. Certains y voient l\u2019image d\u2019une extase amoureuse ; pourtant le visage de la femme, offert au regard du spectateur, n\u2019exprime pas clairement cet abandon. Son corps semble au bord d\u2019un pr\u00e9cipice, ses pieds glissant presque dans le vide &#8211; d\u00e9tail accentu\u00e9 par des modifications du tableau r\u00e9v\u00e9l\u00e9es par radiographie. Derri\u00e8re l\u2019\u00e9clat de l\u2019or et la beaut\u00e9 d\u00e9corative, l\u2019\u00e9treinte peut alors appara\u00eetre autrement : non plus seulement comme un symbole d\u2019amour, mais comme une sc\u00e8ne o\u00f9 se lit aussi un rapport de pouvoir, une tension silencieuse entre possession et abandon. Certains historiens ont m\u00eame rapproch\u00e9 l\u2019image d\u2019un \u00e9pisode des&nbsp;M\u00e9tamorphoses&nbsp;d\u2019Ovide, o\u00f9&nbsp;Apollon&nbsp;tente de saisir la nymphe&nbsp;Daphn\u00e9&nbsp;au moment o\u00f9 elle se transforme en laurier pour lui \u00e9chapper &#8211; une interpr\u00e9tation qui renforce encore l\u2019ambigu\u00eft\u00e9 de cette \u00e9treinte devenue universelle.<\/p>\n\n\n\n<h4 class=\"wp-block-heading\">G. Int\u00e9rieur ou <em>Le Viol<\/em> &#8211; d&#8217;<strong>Edgar D\u00e9gas<\/strong><\/h4>\n\n\n\n<p>Au XIX\u1d49 si\u00e8cle,&nbsp;Edgar Degas&nbsp;cherche \u00e0 observer la soci\u00e9t\u00e9 de son temps avec une lucidit\u00e9 presque clinique. Contrairement \u00e0 l\u2019image mondaine souvent associ\u00e9e \u00e0 ses danseuses, il s\u2019int\u00e9resse surtout aux femmes comme&nbsp;travailleuses&nbsp;: repasseuses, modistes, serveuses ou danseuses de ballet. \u00c0 cette \u00e9poque, la pr\u00e9sence des femmes dans l\u2019espace public commence \u00e0 s\u2019\u00e9largir, mais reste tr\u00e8s encadr\u00e9e : elles peuvent fr\u00e9quenter les magasins ou les parcs, mais certains lieux, comme l\u2019op\u00e9ra, ne leur sont pas accessibles seules. Degas montre cette r\u00e9alit\u00e9 sans embellissement, r\u00e9v\u00e9lant la condition souvent pr\u00e9caire et laborieuse de ces femmes. <\/p>\n\n\n\n<figure class=\"wp-block-image size-full\"><img loading=\"lazy\" decoding=\"async\" width=\"960\" height=\"670\" src=\"https:\/\/anadel.fr\/wp-content\/uploads\/2026\/02\/Degas_Interieur_Philadelphia_Museum_of_Art_1986-26-10.jpg\" alt=\"\" class=\"wp-image-1975\" srcset=\"https:\/\/anadel.fr\/wp-content\/uploads\/2026\/02\/Degas_Interieur_Philadelphia_Museum_of_Art_1986-26-10.jpg 960w, https:\/\/anadel.fr\/wp-content\/uploads\/2026\/02\/Degas_Interieur_Philadelphia_Museum_of_Art_1986-26-10-300x209.jpg 300w, https:\/\/anadel.fr\/wp-content\/uploads\/2026\/02\/Degas_Interieur_Philadelphia_Museum_of_Art_1986-26-10-768x536.jpg 768w\" sizes=\"auto, (max-width: 960px) 100vw, 960px\" \/><\/figure>\n\n\n\n<p class=\"has-text-align-center\"><sup>Edgar D\u00e9gas, <em>Int\u00e9rieur <\/em>ou <em>Le viol<\/em>, 1869, 81cm*114cm, Philadelphia Museum of Art<\/sup><\/p>\n\n\n\n<p>Cette attention atteint un point particuli\u00e8rement troublant dans&nbsp;<em>Int\u00e9rieur<\/em>, un tableau parfois surnomm\u00e9&nbsp;<em>Le viol<\/em>&nbsp;&#8211; un titre que l\u2019artiste lui-m\u00eame n\u2019a finalement pas retenu. La sc\u00e8ne montre un homme debout, raide, presque mena\u00e7ant, face \u00e0 une femme assise, recroquevill\u00e9e sur elle-m\u00eame. Les formes parlent d\u2019elles-m\u00eames : verticalit\u00e9 rigide de la figure masculine, rondeur ferm\u00e9e de la figure f\u00e9minine, comme si cette posture incarnait la passivit\u00e9 que la soci\u00e9t\u00e9 attribue alors aux femmes. Degas construit la sc\u00e8ne avec une lumi\u00e8re concentr\u00e9e au centre et un \u00e9clairage dramatique qui accentue l\u2019atmosph\u00e8re oppressante de la pi\u00e8ce. L\u2019interpr\u00e9tation reste volontairement ambigu\u00eb : s\u2019agit-il d\u2019une sc\u00e8ne de dispute, d\u2019une violence imminente, ou d\u2019un rapport de domination d\u00e9j\u00e0 accompli ? C\u2019est pr\u00e9cis\u00e9ment cette incertitude qui rend l\u2019\u0153uvre si moderne, car elle donne \u00e0 voir la tension profonde qui traverse les relations entre hommes et femmes dans la soci\u00e9t\u00e9 de son \u00e9poque.<\/p>\n\n\n\n<p><\/p>\n","protected":false},"excerpt":{"rendered":"<p>Quand l&#8217;art embellit la violence Peut-on admirer un chef-d\u2019\u0153uvre sans voir la violence qu\u2019il repr\u00e9sente ? C\u2019est la question troublante que pose le documentaire diffus\u00e9 sur Arte (1) : pourquoi, depuis des si\u00e8cles, l\u2019art occidental repr\u00e9sente-t-il des violences sexuelles contre les femmes de mani\u00e8re banale &#8211; et souvent esth\u00e9tis\u00e9e ? \u00c0 force d\u2019\u00eatre inscrites dans&hellip; <a class=\"more-link\" href=\"https:\/\/anadel.fr\/index.php\/2026\/02\/26\/la-violence-erotisee-dans-lart\/\">Continue reading <span class=\"screen-reader-text\">La violence \u00e9rotis\u00e9e dans l&#8217;art<\/span><\/a><\/p>\n","protected":false},"author":1,"featured_media":0,"comment_status":"open","ping_status":"open","sticky":false,"template":"","format":"standard","meta":{"footnotes":""},"categories":[1],"tags":[],"class_list":["post-1912","post","type-post","status-publish","format-standard","hentry","category-non-classe","entry"],"_links":{"self":[{"href":"https:\/\/anadel.fr\/index.php\/wp-json\/wp\/v2\/posts\/1912","targetHints":{"allow":["GET"]}}],"collection":[{"href":"https:\/\/anadel.fr\/index.php\/wp-json\/wp\/v2\/posts"}],"about":[{"href":"https:\/\/anadel.fr\/index.php\/wp-json\/wp\/v2\/types\/post"}],"author":[{"embeddable":true,"href":"https:\/\/anadel.fr\/index.php\/wp-json\/wp\/v2\/users\/1"}],"replies":[{"embeddable":true,"href":"https:\/\/anadel.fr\/index.php\/wp-json\/wp\/v2\/comments?post=1912"}],"version-history":[{"count":54,"href":"https:\/\/anadel.fr\/index.php\/wp-json\/wp\/v2\/posts\/1912\/revisions"}],"predecessor-version":[{"id":3024,"href":"https:\/\/anadel.fr\/index.php\/wp-json\/wp\/v2\/posts\/1912\/revisions\/3024"}],"wp:attachment":[{"href":"https:\/\/anadel.fr\/index.php\/wp-json\/wp\/v2\/media?parent=1912"}],"wp:term":[{"taxonomy":"category","embeddable":true,"href":"https:\/\/anadel.fr\/index.php\/wp-json\/wp\/v2\/categories?post=1912"},{"taxonomy":"post_tag","embeddable":true,"href":"https:\/\/anadel.fr\/index.php\/wp-json\/wp\/v2\/tags?post=1912"}],"curies":[{"name":"wp","href":"https:\/\/api.w.org\/{rel}","templated":true}]}}