{"id":2199,"date":"2026-04-18T21:47:42","date_gmt":"2026-04-18T19:47:42","guid":{"rendered":"https:\/\/anadel.fr\/?p=2199"},"modified":"2026-04-18T21:47:42","modified_gmt":"2026-04-18T19:47:42","slug":"ai-weiwei","status":"publish","type":"post","link":"https:\/\/anadel.fr\/index.php\/2026\/04\/18\/ai-weiwei\/","title":{"rendered":"Ai Weiwei"},"content":{"rendered":"\n<h4 class=\"wp-block-heading\"><strong>le corps dilu\u00e9 dans la masse et politis\u00e9<\/strong><\/h4>\n\n\n\n<p>Artiste conceptuel chinois,\u00a0Ai Weiwei [1957- ]\u00a0d\u00e9veloppe une pratique o\u00f9 l\u2019art se confond avec l\u2019engagement politique. Son travail interroge les droits de l\u2019homme, la libert\u00e9 d\u2019expression et, plus largement, des enjeux humanitaires universels, d\u00e9passant le cadre strictement artistique pour relever de l\u2019activisme. <\/p>\n\n\n\n<p>Chez&nbsp;Ai Weiwei, le corps n\u2019est jamais repr\u00e9sent\u00e9 comme individu singulier, mais comme masse, fragment collectif ou silhouette anonymis\u00e9e. Son travail s\u2019inscrit dans une pratique profond\u00e9ment politique o\u00f9 la forme artistique devient un outil de d\u00e9nonciation des violences contemporaines, notamment celles li\u00e9es aux migrations forc\u00e9es, \u00e0 la surveillance et \u00e0 la perte des libert\u00e9s individuelles.<\/p>\n\n\n\n<figure class=\"wp-block-gallery has-nested-images columns-default is-cropped wp-block-gallery-1 is-layout-flex wp-block-gallery-is-layout-flex\">\n<figure class=\"wp-block-image\"><img decoding=\"async\" src=\"https:\/\/images.openai.com\/static-rsc-4\/VYPizGEUdBWh6h4KnyRT3W6MzfInWpnxlNDVxU4l3Gfn8PSU4vghd7y9YZbbQDfbw1I_iTAxOZujyc_jjdzC051XvUZNY6sfsPWj0z6K-sdR9OShlZw_b9Sy_-Zn5yOiAP8S1pAztTZmRpmqYI0bH_y5LW9hToZuLbylUVDIT-B5briOheYH9gQG_BPKIaVa?purpose=inline\" alt=\"https:\/\/images.openai.com\/static-rsc-4\/6BY_kqChytjeHjKB1eXHIYUcUW7safwlL2xNstwgW5-kuvj1U8mwa4jywzqGl697to1IQ_ZKCfLOMWqa5suk9eYslhqx3B0a5Vw0rrWUkshn7unpvTIlKbD3-LZLYqTfJu_ggwk250JkGRbON33YOrUbOMN1ldxAqU6WwlI2u1aiRHEGpl0kMWT-k8xwL4E0?purpose=fullsize\"\/><\/figure>\n\n\n\n<figure class=\"wp-block-image\"><img decoding=\"async\" src=\"https:\/\/images.openai.com\/static-rsc-4\/5Bwu9Q9dkIn_cOMYXY0QxsaJaF0AeU881RuGDBNiBa62UXi_RQAVvqIyjce-dskuvodWF45cfwkT8sKyfOhwrT_A9gYE2eyQ2PQRETExb2XEZ2Nn7QK0on3t14-Ey6NIq-n3MUeGIvrooa32z08rbwckXE8L59e_zV4mh-MjJ13piAxwJqzIPxXvxeOK9rsi?purpose=inline\" alt=\"https:\/\/images.openai.com\/static-rsc-4\/F3FIhTxchrudRaLMlpI17FUdx_HAf1JlGTkXy0Ake7LMm5HJx3eh9cB-YJDCe69l8uz7_rTJONFrLKG9-z9m9gUshdMvEqrRXUZavPZb5Iug-cU-JeO5KCHaCs0RCgFJWWiT7d869wXBFcveXea_tFp02LpsouKnPhDkynHtI6YlR_89vqkTSfSY6jodhCbv?purpose=fullsize\"\/><\/figure>\n<\/figure>\n\n\n\n<p class=\"has-text-align-center\">Ai Weiwei, <em>La loi du voyage<\/em>, 2017, mat\u00e9riaux divers, \u00a0Palais des Foires, Galerie Nationale d\u2019art moderne, Prague<\/p>\n\n\n\n<p>Avec\u00a0La loi du voyage\u00a0(<em>Law of the Journey<\/em>, 2017), pr\u00e9sent\u00e9e au Palais des Foires de la Galerie nationale d\u2019art moderne de Prague, l\u2019artiste propose ce qui est sans doute l\u2019une de ses installations les plus monumentales. Une embarcation gonflable de soixante-dix m\u00e8tres de long flotte dans l\u2019espace d\u2019exposition, portant \u00e0 son bord deux cent cinquante-huit silhouettes de r\u00e9fugi\u00e9s, r\u00e9duits \u00e0 des formes noires anonymes. Face \u00e0 ce radeau suspendu se trouve un globe de cristal pos\u00e9 sur un amas de gilets de sauvetage us\u00e9s, vestiges mat\u00e9riels des travers\u00e9es r\u00e9elles de la M\u00e9diterran\u00e9e.<\/p>\n\n\n\n<p>L\u2019\u0153uvre s\u2019ancre directement dans la crise migratoire contemporaine et dans les nombreux naufrages qui jalonnent les routes vers l\u2019Europe. Elle ne cherche pas \u00e0 repr\u00e9senter des individus identifiables, mais \u00e0 rendre visible une condition collective : celle de corps d\u00e9plac\u00e9s, pr\u00e9caris\u00e9s, souvent r\u00e9duits \u00e0 de simples masses humaines en mouvement. Le corps devient ici une donn\u00e9e statistique autant qu\u2019une pr\u00e9sence fantomatique, pris dans un flux qui d\u00e9passe toute individualit\u00e9.<\/p>\n\n\n\n<p>Dans\u00a0<em>La loi du voyage<\/em>, le corps est ainsi enti\u00e8rement absorb\u00e9 dans une logique de masse et de d\u00e9placement. Il n\u2019est plus identifiable, mais dilu\u00e9 dans une humanit\u00e9 en transit, contrainte, vuln\u00e9rable. L\u2019installation met en tension la monumentalit\u00e9 de la forme et la fragilit\u00e9 des vies qu\u2019elle \u00e9voque, transformant l\u2019espace d\u2019exposition en miroir des drames contemporains.<\/p>\n\n\n\n<p>Cette installation prolonge un travail engag\u00e9 que l\u2019artiste d\u00e9veloppe depuis plusieurs ann\u00e9es, notamment apr\u00e8s son voyage \u00e0 Lesbos en 2015. \u00c0 la suite de cette exp\u00e9rience, il r\u00e9alise des photographies et des actions o\u00f9 il met en sc\u00e8ne son propre corps en \u00e9cho \u00e0 celui des victimes, comme lorsqu\u2019il adopte la posture de l\u2019enfant syrien Aylan retrouv\u00e9 mort sur une plage. Ce geste souligne la dimension politique du corps, non plus comme entit\u00e9 priv\u00e9e, mais comme surface d\u2019inscription des violences du monde.<\/p>\n\n\n\n<figure class=\"wp-block-image\"><img decoding=\"async\" src=\"https:\/\/images.openai.com\/static-rsc-4\/5Fzc7KAZ3BNvxpbUbqDgIHRfuJc8nQgcYpIwfA9y_F5rjVF0RII6aRax215KfIsWeLOsVMnzeA6zdOqUItvBhe8MQKlYSi_Y1a_H_AxUR4iOP-ZDaCGOp6Nk4mb0lcAYDxTyNawg2e7TwQGv2rBX4RRxfNX5b9va9IovY40mHLZxKwXGesRoinlGcf_kH8Mp?purpose=inline\" alt=\"https:\/\/images.openai.com\/static-rsc-4\/issCspu_x505w-cPGugImTvncVGy5EIhIiYAdAbReYTqPhro2aOKNCch1KDF49Q1P_0_k-GrbAjgNWcWayZkuBX5GvryfSXG4qanyMX6SR9hdjQ_MMhIjSJVBttEdlWM7PRzqsvzlnHmpLSGlJNvrb2VY-ryb18HWZoF7rdfbWGDM1AiBWxmTcsgsZ3eG8RB?purpose=fullsize\"\/><\/figure>\n\n\n\n<p class=\"has-text-align-center\">Ai Weiwei, <em>Reframe<\/em>, 2016 &#8211; gilets de sauvetage de Lesbos<\/p>\n\n\n\n<p>L&#8217;installation <em>Reframe<\/em> est constitu\u00e9e de milliers de gilets de sauvetage r\u00e9cup\u00e9r\u00e9s sur l\u2019\u00eele de Lesbos, utilis\u00e9s par des r\u00e9fugi\u00e9s ayant travers\u00e9 la M\u00e9diterran\u00e9e. En les suspendant dans des espaces architecturaux, Ai Weiwei transforme ces objets en traces directes de corps absents, marquant \u00e0 la fois la survie et la disparition.<\/p>\n\n\n\n<hr class=\"wp-block-separator has-alpha-channel-opacity\"\/>\n\n\n\n<p>Les deux \u0153uvres \u2014\u00a0<em>Reframe<\/em>\u00a0et\u00a0<em>La loi du voyage<\/em>\u00a0\u2014 s\u2019inscrivent dans une m\u00eame r\u00e9flexion sur la crise migratoire et la disparition des corps en M\u00e9diterran\u00e9e, mais elles n\u2019op\u00e8rent pas exactement au m\u00eame niveau.<\/p>\n\n\n\n<p>Dans\u00a0<em>Reframe<\/em>, les gilets de sauvetage r\u00e9cup\u00e9r\u00e9s \u00e0 Lesbos deviennent des traces directes de passages r\u00e9els : ils portent encore l\u2019empreinte des corps qui les ont utilis\u00e9s. Suspendus ou accumul\u00e9s dans l\u2019espace, ils forment une sorte de m\u00e9moire mat\u00e9rielle du danger, du sauvetage et parfois de la mort. Le corps n\u2019est plus visible, mais il est encore sugg\u00e9r\u00e9 par ces objets port\u00e9s, us\u00e9s, abandonn\u00e9s apr\u00e8s la travers\u00e9e. C\u2019est une \u0153uvre qui insiste sur la\u00a0trace imm\u00e9diate, presque documentaire, du drame migratoire.<\/p>\n\n\n\n<p>Avec&nbsp;<em>La loi du voyage<\/em>, la logique change d\u2019\u00e9chelle. L\u2019embarcation monumentale et les silhouettes anonymes transforment ces existences individuelles en une masse globale. Le corps n\u2019est plus seulement \u00e9voqu\u00e9 par ses objets, mais totalement absorb\u00e9 dans une structure collective : celle du flux migratoire. Les figures ne sont plus des traces singuli\u00e8res mais des formes g\u00e9n\u00e9riques, qui rendent visible une humanit\u00e9 en mouvement, mais priv\u00e9e d\u2019identit\u00e9.<\/p>\n\n\n\n<p>On passe ainsi d\u2019une pr\u00e9sence indirecte du corps par l\u2019objet dans\u00a0<em>Reframe<\/em>, \u00e0 une\u00a0<em>dissolution compl\u00e8te du corps dans la masse<\/em>\u00a0dans\u00a0<em>La loi du voyage<\/em>. Dans les deux cas, Ai Weiwei ne repr\u00e9sente jamais le corps de mani\u00e8re individuelle : il le fait exister soit comme vestige, soit comme multitude, toujours dans une tension entre visibilit\u00e9 et effacement.<\/p>\n\n\n\n<hr class=\"wp-block-separator has-alpha-channel-opacity\"\/>\n\n\n\n<figure class=\"wp-block-gallery has-nested-images columns-default is-cropped wp-block-gallery-2 is-layout-flex wp-block-gallery-is-layout-flex\">\n<figure class=\"wp-block-image\"><img decoding=\"async\" src=\"https:\/\/images.openai.com\/static-rsc-4\/XK242dur5vHHbyZHIbcxYzxOjtTpU8g9CkkpQB15xaoU_Cwszgso9_xqIklJ2ThAOWgPydGMw_wkp11n7SaQyNES_QI53G9Iw9W10WYzRUl4WZYuhOSYcpWGkJ25HF6IL2bKYspj0LevHJJFzLjq8TLFCQP1e-avc0qMvI4Zakg?purpose=inline\" alt=\"https:\/\/images.openai.com\/static-rsc-4\/DNGwY91MMA-f5n1X3w9A-HOXQCZDmtYvbezrxJXyn0OnRxW-m4qiWWgy_5W2nNPJeGz0tz7N3oXEOE-O8JYhwiGDLO3rq8SpdTXMu3zQyU9Pf0F9q3kiEZYc92uX-BbhW1HyoUuTcwYWHo5vzozIr9DIm665KXLpwfTUTSTVH6LJ6QkuELL8KtoQkX48Cdv8?purpose=fullsize\"\/><\/figure>\n\n\n\n<figure class=\"wp-block-image\"><img decoding=\"async\" src=\"https:\/\/images.openai.com\/static-rsc-4\/HMAfXNkycu5pswKKRhL-o8TJLzJ1W1EWndd9jLbYmgQbhpc2Q_H5AtnIWZpdA8HqSwNqcWQJgMNGqq_Z89CR73IHHlGErPCV8LpmtMFrV60-h6OiHYGKBjBvDanq3tkGuChbo6MH63mYeydPTr5ooRHetp-bPjLKGm7y86lhoRk?purpose=inline\" alt=\"https:\/\/images.openai.com\/static-rsc-4\/yUU6V1aJIwsJmB-oQWxguXrEn7_A_SC2FVQDOKuteiJ4vooq7v1G2-AzGhJjjafEfO7S-3d9lYUYSwfaNU7Xk_cQlxXdvO2VA_bevPpA2bHCcWGqx_NSti0_QxYHiRMelM3-n6N1bAYXkY1wkypxTvtyEjMR9-ahkJuA4mCZiVyGJ661HVSEs4x-mDBUlTEh?purpose=fullsize\"\/><\/figure>\n\n\n\n<figure class=\"wp-block-image\"><img decoding=\"async\" src=\"https:\/\/images.openai.com\/static-rsc-4\/1P0P9MrVc4ECwPi80A41YFymAjnaYD_F6PN_r4c0OyzyZhGQ15BEn_pdL1tve8HIqCeV06TZe_PJxgw6vRJAyQ-2OPmpNyB4-6K6kKUzArKmqJjw7DvTMpYUjCAtFxdt2fZ84ZDaEBfn79-1Pm2GidaV_W8rRy5g1VBPJnjqnw4?purpose=inline\" alt=\"https:\/\/images.openai.com\/static-rsc-4\/0RhcK-5XmNJ_5rVqdBeBouvOLLN_NDnL0cGukvnVzqvrkT9hIwDJq9X-eMrZPkWZbdYbIx-x9EmKem6bve-wmBN6Yy90Ugf6vyvNOpm_k1enf0hJD6BW-ijAyifSVERqi_KV8W571qoMPikwUPk-AjSABQlToI6DW3g7PcgHyCnipB43k0i1pEA37Hl0Pn6x?purpose=fullsize\"\/><\/figure>\n<\/figure>\n\n\n\n<p class=\"has-text-align-center\">Ai Weiwei,\u00a0<em>Laundromat<\/em>\u00a0(2017)<\/p>\n\n\n\n<p>Chez&nbsp;Ai Weiwei, l\u2019art devient un outil d\u2019engagement direct face aux crises humanitaires contemporaines. Avec&nbsp;<em>Laundromat<\/em>&nbsp;(2017), il se concentre sur la situation des r\u00e9fugi\u00e9s du camp d\u2019Idomeni, \u00e0 la fronti\u00e8re gr\u00e9co-mac\u00e9donienne, o\u00f9 des milliers de personnes se retrouvent bloqu\u00e9es dans des conditions de grande pr\u00e9carit\u00e9.<\/p>\n\n\n\n<p>L\u2019installation prend pour point de d\u00e9part les v\u00eatements des migrants, port\u00e9s durant la fuite puis abandonn\u00e9s ou r\u00e9cup\u00e9r\u00e9s dans le camp. Ces habits, collect\u00e9s sur place, sont ensuite lav\u00e9s, s\u00e9ch\u00e9s et pr\u00e9sent\u00e9s sur des portants comme dans une blanchisserie. Ce geste simple transforme des objets du quotidien en traces directes de parcours humains marqu\u00e9s par l\u2019exil et la survie.<\/p>\n\n\n\n<p>Le corps n\u2019est jamais montr\u00e9, mais il est constamment sugg\u00e9r\u00e9 \u00e0 travers ces v\u00eatements vid\u00e9s de leur pr\u00e9sence. Ils deviennent les derniers t\u00e9moins mat\u00e9riels d\u2019une vie en d\u00e9placement, entre disparition et m\u00e9moire. \u00c0 travers&nbsp;<em>Laundromat<\/em>, Ai Weiwei fait ainsi des objets ordinaires des preuves silencieuses de la condition des r\u00e9fugi\u00e9s, transformant l\u2019espace d\u2019exposition en lieu de t\u00e9moignage.<\/p>\n\n\n\n<hr class=\"wp-block-separator has-alpha-channel-opacity\"\/>\n\n\n\n<p>Le travail d\u2019Ai Weiwei rejoint ainsi une r\u00e9flexion plus large sur la disparition de l\u2019individu dans les syst\u00e8mes politiques et sociaux contemporains. Le corps n\u2019y dispara\u00eet pas totalement, mais il perd son unicit\u00e9 pour devenir un signe collectif, un symbole de l\u2019exil et de la pr\u00e9carit\u00e9. Chez lui, la dimension m\u00e9ta-physique du corps prend une forme politique radicale : ce n\u2019est plus la m\u00e9moire ou la trace qui dominent, mais la dissolution de l\u2019identit\u00e9 dans la masse humaine globalis\u00e9e.<\/p>\n\n\n\n<p>Sources :<\/p>\n\n\n\n<p><a href=\"https:\/\/deitch.com\/new-york\/exhibitions\/ai-weiwei-laundromat\">Ai Weiwei, <em>Laundromat<\/em><\/a><\/p>\n\n\n\n<p><a href=\"https:\/\/blog.messortiesculture.com\/article\/lart-engage-dai-wei-wei-653\">L&#8217;art engag\u00e9 d&#8217;Ai Weiwei<\/a><\/p>\n\n\n\n<p><a href=\"https:\/\/www.lefigaro.fr\/arts-expositions\/2017\/03\/18\/03015-20170318ARTFIG00032-ai-weiwei-sa-creation-choc-sur-le-voyage-des-migrants.php\">Ai Weiwei,<em> La loi du voyage<\/em><\/a><\/p>\n","protected":false},"excerpt":{"rendered":"<p>le corps dilu\u00e9 dans la masse et politis\u00e9 Artiste conceptuel chinois,\u00a0Ai Weiwei [1957- ]\u00a0d\u00e9veloppe une pratique o\u00f9 l\u2019art se confond avec l\u2019engagement politique. Son travail interroge les droits de l\u2019homme, la libert\u00e9 d\u2019expression et, plus largement, des enjeux humanitaires universels, d\u00e9passant le cadre strictement artistique pour relever de l\u2019activisme. Chez&nbsp;Ai Weiwei, le corps n\u2019est jamais&hellip; <a class=\"more-link\" href=\"https:\/\/anadel.fr\/index.php\/2026\/04\/18\/ai-weiwei\/\">Continue reading <span class=\"screen-reader-text\">Ai Weiwei<\/span><\/a><\/p>\n","protected":false},"author":1,"featured_media":0,"comment_status":"open","ping_status":"open","sticky":false,"template":"","format":"standard","meta":{"footnotes":""},"categories":[17],"tags":[],"class_list":["post-2199","post","type-post","status-publish","format-standard","hentry","category-modernisme-le-corps-sculpte","entry"],"_links":{"self":[{"href":"https:\/\/anadel.fr\/index.php\/wp-json\/wp\/v2\/posts\/2199","targetHints":{"allow":["GET"]}}],"collection":[{"href":"https:\/\/anadel.fr\/index.php\/wp-json\/wp\/v2\/posts"}],"about":[{"href":"https:\/\/anadel.fr\/index.php\/wp-json\/wp\/v2\/types\/post"}],"author":[{"embeddable":true,"href":"https:\/\/anadel.fr\/index.php\/wp-json\/wp\/v2\/users\/1"}],"replies":[{"embeddable":true,"href":"https:\/\/anadel.fr\/index.php\/wp-json\/wp\/v2\/comments?post=2199"}],"version-history":[{"count":19,"href":"https:\/\/anadel.fr\/index.php\/wp-json\/wp\/v2\/posts\/2199\/revisions"}],"predecessor-version":[{"id":3258,"href":"https:\/\/anadel.fr\/index.php\/wp-json\/wp\/v2\/posts\/2199\/revisions\/3258"}],"wp:attachment":[{"href":"https:\/\/anadel.fr\/index.php\/wp-json\/wp\/v2\/media?parent=2199"}],"wp:term":[{"taxonomy":"category","embeddable":true,"href":"https:\/\/anadel.fr\/index.php\/wp-json\/wp\/v2\/categories?post=2199"},{"taxonomy":"post_tag","embeddable":true,"href":"https:\/\/anadel.fr\/index.php\/wp-json\/wp\/v2\/tags?post=2199"}],"curies":[{"name":"wp","href":"https:\/\/api.w.org\/{rel}","templated":true}]}}