{"id":2211,"date":"2026-04-18T13:32:02","date_gmt":"2026-04-18T11:32:02","guid":{"rendered":"https:\/\/anadel.fr\/?p=2211"},"modified":"2026-04-18T13:32:27","modified_gmt":"2026-04-18T11:32:27","slug":"louise-bourgeoise","status":"publish","type":"post","link":"https:\/\/anadel.fr\/index.php\/2026\/04\/18\/louise-bourgeoise\/","title":{"rendered":"Louise Bourgeoise"},"content":{"rendered":"\n<h2 class=\"wp-block-heading\">le corps, la m\u00e9moire et les tensions de l\u2019intime<\/h2>\n\n\n\n<p>Louise Bourgeois&nbsp;est une figure majeure de l\u2019art contemporain, n\u00e9e \u00e0 Paris en 1911 et install\u00e9e \u00e0 New York \u00e0 partir de 1938. Sculptrice, dessinatrice et plasticienne, elle d\u00e9veloppe une \u0153uvre profond\u00e9ment marqu\u00e9e par son histoire personnelle, m\u00ealant autobiographie, psychanalyse et exploration du corps.<\/p>\n\n\n\n<figure class=\"wp-block-image size-full is-resized\"><img loading=\"lazy\" decoding=\"async\" width=\"600\" height=\"773\" src=\"https:\/\/anadel.fr\/wp-content\/uploads\/2026\/04\/louise_bourgeois.jpg\" alt=\"\" class=\"wp-image-3048\" style=\"width:500px;height:auto\" srcset=\"https:\/\/anadel.fr\/wp-content\/uploads\/2026\/04\/louise_bourgeois.jpg 600w, https:\/\/anadel.fr\/wp-content\/uploads\/2026\/04\/louise_bourgeois-233x300.jpg 233w\" sizes=\"auto, (max-width: 600px) 100vw, 600px\" \/><\/figure>\n\n\n\n<p>Form\u00e9e d\u2019abord aux math\u00e9matiques \u00e0 la Sorbonne &#8211; discipline dans laquelle elle cherchait une forme d\u2019ordre -, elle s\u2019en d\u00e9tourne rapidement pour se consacrer \u00e0 l\u2019art, qu\u2019elle consid\u00e8re comme un moyen d\u2019exprimer des tensions impossibles \u00e0 formuler autrement. Elle poursuit alors une formation artistique \u00e0 Paris avant de s\u2019installer aux \u00c9tats-Unis, o\u00f9 elle fera l\u2019essentiel de sa carri\u00e8re.<\/p>\n\n\n\n<p>Son travail s\u2019inscrit \u00e0 la crois\u00e9e de plusieurs influences &#8211; surr\u00e9alisme, expressionnisme abstrait, f\u00e9minisme &#8211; sans jamais se rattacher pleinement \u00e0 un mouvement. Reconnue tardivement, elle est aujourd\u2019hui consid\u00e9r\u00e9e comme l\u2019une des sculptrices les plus importantes du XXe si\u00e8cle, notamment pour son influence sur les g\u00e9n\u00e9rations d\u2019artistes contemporaines.<\/p>\n\n\n\n<p>Au c\u0153ur de son \u0153uvre : le corps, la famille, la sexualit\u00e9 et la m\u00e9moire. Ces th\u00e8mes trouvent leur origine dans son v\u00e9cu, notamment dans un traumatisme d\u2019enfance li\u00e9 \u00e0 la relation complexe avec son p\u00e8re, dont elle d\u00e9couvre l\u2019infid\u00e9lit\u00e9 envers sa m\u00e8re. Cette exp\u00e9rience nourrit un sentiment de trahison et de douleur qui irrigue toute sa production artistique. La psychanalyse, qu\u2019elle pratique pendant pr\u00e8s de trente ans, devient un outil central pour comprendre et transformer ces \u00e9motions en formes.<\/p>\n\n\n\n<hr class=\"wp-block-separator has-alpha-channel-opacity\"\/>\n\n\n\n<h4 class=\"wp-block-heading\">Les \u201cFemmes Maison\u201d : le corps enferm\u00e9 dans le domestique<\/h4>\n\n\n\n<p>Parmi ses premi\u00e8res \u0153uvres marquantes, la s\u00e9rie des&nbsp;<em>Femme Maison<\/em>&nbsp;illustre de mani\u00e8re frappante les tensions li\u00e9es \u00e0 l\u2019identit\u00e9 f\u00e9minine apr\u00e8s-guerre.<\/p>\n\n\n\n<figure class=\"wp-block-gallery has-nested-images columns-default is-cropped wp-block-gallery-1 is-layout-flex wp-block-gallery-is-layout-flex\">\n<figure class=\"wp-block-image size-large\"><img loading=\"lazy\" decoding=\"async\" width=\"352\" height=\"297\" data-id=\"3040\" src=\"https:\/\/anadel.fr\/wp-content\/uploads\/2026\/04\/Femme_Maison.jpg\" alt=\"\" class=\"wp-image-3040\" srcset=\"https:\/\/anadel.fr\/wp-content\/uploads\/2026\/04\/Femme_Maison.jpg 352w, https:\/\/anadel.fr\/wp-content\/uploads\/2026\/04\/Femme_Maison-300x253.jpg 300w\" sizes=\"auto, (max-width: 352px) 100vw, 352px\" \/><\/figure>\n<\/figure>\n\n\n\n<p class=\"has-text-align-center\">Louise Bourgeois, <em>Femmes maison<\/em>, 1946-1947 <\/p>\n\n\n\n<p>Dans ces images, le corps f\u00e9minin est fusionn\u00e9 avec une architecture domestique : les t\u00eates sont remplac\u00e9es par des maisons, m\u00ealant ainsi l\u2019organique et le construit. Cette association traduit une critique forte de la condition f\u00e9minine, enferm\u00e9e dans la sph\u00e8re du foyer. Le corps devient ici prisonnier de l\u2019espace domestique, coup\u00e9 du monde ext\u00e9rieur.<\/p>\n\n\n\n<figure class=\"wp-block-gallery has-nested-images columns-default is-cropped wp-block-gallery-2 is-layout-flex wp-block-gallery-is-layout-flex\">\n<figure class=\"wp-block-image size-large\"><img loading=\"lazy\" decoding=\"async\" width=\"981\" height=\"731\" data-id=\"3043\" src=\"https:\/\/anadel.fr\/wp-content\/uploads\/2026\/04\/Femme-Maison.png\" alt=\"\" class=\"wp-image-3043\" srcset=\"https:\/\/anadel.fr\/wp-content\/uploads\/2026\/04\/Femme-Maison.png 981w, https:\/\/anadel.fr\/wp-content\/uploads\/2026\/04\/Femme-Maison-300x224.png 300w, https:\/\/anadel.fr\/wp-content\/uploads\/2026\/04\/Femme-Maison-768x572.png 768w\" sizes=\"auto, (max-width: 981px) 100vw, 981px\" \/><\/figure>\n<\/figure>\n\n\n\n<p>Mais cette repr\u00e9sentation n\u2019est pas seulement critique : elle r\u00e9v\u00e8le aussi une forme de r\u00e9sistance. Malgr\u00e9 l\u2019enfermement, une dignit\u00e9 subsiste, et l\u2019\u0153uvre ouvre la voie \u00e0 une r\u00e9flexion renouvel\u00e9e sur l\u2019identit\u00e9 f\u00e9minine. Le corps n\u2019est plus simplement repr\u00e9sent\u00e9, il devient le lieu d\u2019un conflit entre contrainte sociale et affirmation de soi.<\/p>\n\n\n\n<div class=\"wp-block-media-text is-stacked-on-mobile\" style=\"grid-template-columns:25% auto\"><figure class=\"wp-block-media-text__media\"><img loading=\"lazy\" decoding=\"async\" width=\"239\" height=\"581\" src=\"https:\/\/anadel.fr\/wp-content\/uploads\/2026\/04\/Louise-Bourgeois-Femme-maison-1947-Fonte.jpg\" alt=\"\" class=\"wp-image-3041 size-full\" srcset=\"https:\/\/anadel.fr\/wp-content\/uploads\/2026\/04\/Louise-Bourgeois-Femme-maison-1947-Fonte.jpg 239w, https:\/\/anadel.fr\/wp-content\/uploads\/2026\/04\/Louise-Bourgeois-Femme-maison-1947-Fonte-123x300.jpg 123w\" sizes=\"auto, (max-width: 239px) 100vw, 239px\" \/><\/figure><div class=\"wp-block-media-text__content\">\n<p>Louise Bourgeois, Femme maison &#8211; le corps f\u00e9minin, prisonnier de r\u00f4les sociaux, mais aussi porteur d\u2019identit\u00e9 propre. Bourgeois fusionne le corps f\u00e9minin et l\u2019architecture, symbolisant l\u2019emprisonnement domestique et la possibilit\u00e9 d\u2019une r\u00e9sistance et d\u2019une affirmation<\/p>\n<\/div><\/div>\n\n\n\n<hr class=\"wp-block-separator has-alpha-channel-opacity\"\/>\n\n\n\n<h4 class=\"wp-block-heading\"><em>Quarantania<\/em>&nbsp;: entre solitude et m\u00e9moire du groupe<\/h4>\n\n\n\n<p>Dans le prolongement de ses premi\u00e8res recherches sur le corps et l\u2019identit\u00e9, Bourgeois\u00a0d\u00e9veloppe \u00e0 New York, d\u00e8s la fin des ann\u00e9es 1940, une s\u00e9rie de sculptures en bois intitul\u00e9e\u00a0<em>Personages<\/em>. Ces formes verticales et allong\u00e9es \u00e9voquent des silhouettes humaines et traduisent une exp\u00e9rience tr\u00e8s personnelle : celle de l\u2019exil et du manque. Apr\u00e8s son d\u00e9part de France en 1938, l\u2019artiste ressent une profonde solitude et con\u00e7oit ces sculptures comme une mani\u00e8re de faire exister, symboliquement, les \u00eatres qu\u2019elle a laiss\u00e9s derri\u00e8re elle.<\/p>\n\n\n\n<figure class=\"wp-block-gallery has-nested-images columns-default is-cropped wp-block-gallery-3 is-layout-flex wp-block-gallery-is-layout-flex\">\n<figure class=\"wp-block-image size-large\"><img loading=\"lazy\" decoding=\"async\" width=\"813\" height=\"1024\" data-id=\"3055\" src=\"https:\/\/anadel.fr\/wp-content\/uploads\/2026\/04\/for-blog-post-only-bourgeois.1336540147374513080-813x1024.jpg\" alt=\"\" class=\"wp-image-3055\" srcset=\"https:\/\/anadel.fr\/wp-content\/uploads\/2026\/04\/for-blog-post-only-bourgeois.1336540147374513080-813x1024.jpg 813w, https:\/\/anadel.fr\/wp-content\/uploads\/2026\/04\/for-blog-post-only-bourgeois.1336540147374513080-238x300.jpg 238w, https:\/\/anadel.fr\/wp-content\/uploads\/2026\/04\/for-blog-post-only-bourgeois.1336540147374513080-768x967.jpg 768w, https:\/\/anadel.fr\/wp-content\/uploads\/2026\/04\/for-blog-post-only-bourgeois.1336540147374513080.jpg 906w\" sizes=\"auto, (max-width: 813px) 100vw, 813px\" \/><\/figure>\n\n\n\n<figure class=\"wp-block-image size-large\"><img loading=\"lazy\" decoding=\"async\" width=\"200\" height=\"319\" data-id=\"3047\" src=\"https:\/\/anadel.fr\/wp-content\/uploads\/2026\/04\/quarantania.jpg\" alt=\"\" class=\"wp-image-3047\" srcset=\"https:\/\/anadel.fr\/wp-content\/uploads\/2026\/04\/quarantania.jpg 200w, https:\/\/anadel.fr\/wp-content\/uploads\/2026\/04\/quarantania-188x300.jpg 188w\" sizes=\"auto, (max-width: 200px) 100vw, 200px\" \/><\/figure>\n<\/figure>\n\n\n\n<p class=\"has-text-align-center\">Louise Bourgeois, <em><a href=\"https:\/\/www.mfah.org\/blogs\/inside-mfah\/a-confessional-sculpture-by-louise-bourgeois\">Quarantania I<\/a><\/em>, 1947-1953<\/p>\n\n\n\n<p><em>Quarantania<\/em>\u00a0s\u2019inscrit dans cette s\u00e9rie. L\u2019\u0153uvre rassemble plusieurs formes \u00e9lanc\u00e9es regroup\u00e9es sur un socle, comme r\u00e9unies dans une tension silencieuse. Bourgeois \u00e9voque elle-m\u00eame une forme de confrontation entre l\u2019individu isol\u00e9 et la conscience du groupe. Cette mise en relation traduit \u00e0 la fois le besoin d\u2019appartenance et la difficult\u00e9 \u00e0 trouver sa place parmi les autres.<\/p>\n\n\n\n<p>Ces formes peuvent \u00eatre interpr\u00e9t\u00e9es comme des figures humaines, mais elles renvoient aussi \u00e0 l\u2019univers familial de l\u2019artiste : elles rappellent les outils de tissage utilis\u00e9s dans l\u2019atelier de restauration de tapisseries de ses parents, comme des aiguilles ou des navettes. L\u2019\u0153uvre relie m\u00e9moire intime et abstraction, tout en faisant \u00e9merger une dimension presque tot\u00e9mique.<\/p>\n\n\n\n<p>Dans certaines lectures, une figure centrale peut repr\u00e9senter  une pr\u00e9sence protectrice, proche de l\u2019autoportrait &#8211; l\u2019artiste elle-m\u00eame, entour\u00e9e de formes plus petites \u00e9voquant ses enfants &#8211; transformant ainsi la sculpture en une sorte de constellation familiale. Bourgeois l&#8217;associera plus tard \u00e0 la figure f\u00e9minine du soin et du sacrifice.  \u00a0<em>Quarantania<\/em>\u00a0devient alors une r\u00e9flexion sensible sur les liens affectifs, entre proximit\u00e9 et isolement, pr\u00e9sence et absence.<\/p>\n\n\n\n<h4 class=\"wp-block-heading\">Le corps sexuel : ambivalence, peur et d\u00e9fense<\/h4>\n\n\n\n<p>\u00c0 partir de la fin des ann\u00e9es 1960, Louise Bourgeois explore plus directement la question de la sexualit\u00e9. Son approche est loin d\u2019\u00eatre id\u00e9alis\u00e9e ou c\u00e9l\u00e9bratoire : elle met en sc\u00e8ne un corps ambivalent, travers\u00e9 par la peur, la vuln\u00e9rabilit\u00e9 et la n\u00e9cessit\u00e9 de se d\u00e9fendre.<\/p>\n\n\n\n<figure class=\"wp-block-gallery has-nested-images columns-default is-cropped wp-block-gallery-4 is-layout-flex wp-block-gallery-is-layout-flex\">\n<figure class=\"wp-block-image size-full\"><img loading=\"lazy\" decoding=\"async\" width=\"517\" height=\"800\" data-id=\"3068\" src=\"https:\/\/anadel.fr\/wp-content\/uploads\/2026\/04\/louise-bourgeois-fillette-phallus-numero-magazine.jpg\" alt=\"\" class=\"wp-image-3068\" srcset=\"https:\/\/anadel.fr\/wp-content\/uploads\/2026\/04\/louise-bourgeois-fillette-phallus-numero-magazine.jpg 517w, https:\/\/anadel.fr\/wp-content\/uploads\/2026\/04\/louise-bourgeois-fillette-phallus-numero-magazine-194x300.jpg 194w\" sizes=\"auto, (max-width: 517px) 100vw, 517px\" \/><\/figure>\n\n\n\n<figure class=\"wp-block-image size-full\"><img loading=\"lazy\" decoding=\"async\" width=\"750\" height=\"938\" data-id=\"3066\" src=\"https:\/\/anadel.fr\/wp-content\/uploads\/2026\/04\/bourgeoisjanus-fleurihr750.jpg\" alt=\"\" class=\"wp-image-3066\" srcset=\"https:\/\/anadel.fr\/wp-content\/uploads\/2026\/04\/bourgeoisjanus-fleurihr750.jpg 750w, https:\/\/anadel.fr\/wp-content\/uploads\/2026\/04\/bourgeoisjanus-fleurihr750-240x300.jpg 240w\" sizes=\"auto, (max-width: 750px) 100vw, 750px\" \/><\/figure>\n<\/figure>\n\n\n\n<p class=\"has-text-align-center\">Louise Bourgeois, 1. <em>Fillette<\/em>, 2. <em><a href=\"https:\/\/www.icaboston.org\/art\/louise-bourgeois\/janus-fleuri\/\">Janus fleuri<\/a><\/em>, 1968<\/p>\n\n\n\n<p>Des \u0153uvres comme\u00a0<em>Fillette<\/em>\u00a0(1968), grand phallus en latex, ou\u00a0<em>Janus<\/em>\u00a0mettent en jeu des formes sexuelles hybrides, m\u00ealant masculin et f\u00e9minin, actif et passif. Cette confusion des genres traduit une r\u00e9flexion profonde sur l\u2019identit\u00e9 sexuelle et ses contradictions.<sup>3<\/sup><\/p>\n\n\n\n<figure class=\"wp-block-image size-full\"><img loading=\"lazy\" decoding=\"async\" width=\"550\" height=\"419\" src=\"https:\/\/anadel.fr\/wp-content\/uploads\/2026\/04\/LBfemmecouteau.jpg\" alt=\"\" class=\"wp-image-3064\" srcset=\"https:\/\/anadel.fr\/wp-content\/uploads\/2026\/04\/LBfemmecouteau.jpg 550w, https:\/\/anadel.fr\/wp-content\/uploads\/2026\/04\/LBfemmecouteau-300x229.jpg 300w\" sizes=\"auto, (max-width: 550px) 100vw, 550px\" \/><\/figure>\n\n\n\n<p class=\"has-text-align-center\">Louise Bourgeois, <em>Femme couteau<\/em>, 1969<\/p>\n\n\n\n<p>Dans&nbsp;<em>Femme Couteau<\/em>, la femme devient arme : elle s\u2019identifie au phallus pour se prot\u00e9ger. Cette transformation n\u2019est pas inn\u00e9e, mais r\u00e9sulte de la peur. L\u2019artiste montre ainsi comment la violence et la d\u00e9fense s\u2019inscrivent dans le corps lui-m\u00eame, en r\u00e9ponse \u00e0 des exp\u00e9riences v\u00e9cues d\u00e8s l\u2019enfance.<\/p>\n\n\n\n<p>Bourgeois insiste \u00e9galement sur la vuln\u00e9rabilit\u00e9 masculine, notamment \u00e0 travers la figure du phallus, qu\u2019elle d\u00e9crit \u00e0 la fois comme objet de peur et de protection. Cette dualit\u00e9 traverse toute son \u0153uvre, o\u00f9 les formes organiques oscillent entre douceur et menace.<\/p>\n\n\n\n<hr class=\"wp-block-separator has-alpha-channel-opacity\"\/>\n\n\n\n<h4 class=\"wp-block-heading\"><em>Destruction of the Father<\/em>&nbsp;: exorciser la domination<\/h4>\n\n\n\n<p>Avec\u00a0<em>Destruction of the Father<\/em>, Bourgeois propose une \u0153uvre cl\u00e9, \u00e0 la fois autobiographique et symbolique.<\/p>\n\n\n\n<figure class=\"wp-block-image size-full\"><img loading=\"lazy\" decoding=\"async\" width=\"1000\" height=\"667\" src=\"https:\/\/anadel.fr\/wp-content\/uploads\/2026\/04\/destruction-of-the-father-0019-jkim-23_xlg-copie.jpg.webp\" alt=\"\" class=\"wp-image-3071\" srcset=\"https:\/\/anadel.fr\/wp-content\/uploads\/2026\/04\/destruction-of-the-father-0019-jkim-23_xlg-copie.jpg.webp 1000w, https:\/\/anadel.fr\/wp-content\/uploads\/2026\/04\/destruction-of-the-father-0019-jkim-23_xlg-copie.jpg-300x200.webp 300w, https:\/\/anadel.fr\/wp-content\/uploads\/2026\/04\/destruction-of-the-father-0019-jkim-23_xlg-copie.jpg-768x512.webp 768w\" sizes=\"auto, (max-width: 1000px) 100vw, 1000px\" \/><\/figure>\n\n\n\n<p class=\"has-text-align-center\">Louise Bourgeois, <em><a href=\"https:\/\/www.konbini.com\/arts\/quand-lartiste-louise-bourgeois-detruisait-son-pere-dans-une-oeuvre-macabre\/\">Destruction of the father<\/a><\/em>, 1974-1917  <\/p>\n\n\n\n<p class=\"has-text-align-center\"><sub>L\u2019\u0153uvre met en sc\u00e8ne un repas de famille qui bascule dans une vision cauchemardesque : les enfants s\u2019y rebellent contre leur p\u00e8re, allant jusqu\u2019\u00e0 le d\u00e9membrer et le d\u00e9vorer. \u00c0 travers cette sc\u00e8ne \u00e0 la fois violente et symbolique, Louise Bourgeois exprime une volont\u00e9 de confronter et de d\u00e9passer les humiliations subies durant son enfance, li\u00e9es \u00e0 la figure paternelle.<\/sub><\/p>\n\n\n\n<p>Cette installation, baign\u00e9e d\u2019une lumi\u00e8re rouge et construite avec des mat\u00e9riaux souples comme le latex, \u00e9voque un espace organique proche d\u2019un ut\u00e9rus. Le spectateur y d\u00e9couvre une sc\u00e8ne violente : des enfants, repr\u00e9sent\u00e9s de mani\u00e8re abstraite, se r\u00e9voltent contre un p\u00e8re autoritaire, le tuent et le d\u00e9vorent.<\/p>\n\n\n\n<p>Cette \u0153uvre met en sc\u00e8ne une fantasmatique de r\u00e9volte et de lib\u00e9ration face \u00e0 une figure paternelle oppressive. Elle permet \u00e0 l\u2019artiste de rejouer son propre pass\u00e9 et de transformer une exp\u00e9rience de domination en acte symbolique. L\u2019art devient ici un moyen de survie psychique, une mani\u00e8re de \u00ab rester sain d\u2019esprit \u00bb.<\/p>\n\n\n\n<hr class=\"wp-block-separator has-alpha-channel-opacity\"\/>\n\n\n\n<h4 class=\"wp-block-heading\">Les&nbsp;<em>Cells<\/em>&nbsp;: espaces de m\u00e9moire et d\u2019enfermement<\/h4>\n\n\n\n<p>Dans les derni\u00e8res d\u00e9cennies de sa vie, Bourgeois d\u00e9veloppe la s\u00e9rie des&nbsp;<em>Cells<\/em>, installations immersives qui prennent la forme de structures ferm\u00e9es ou semi-ouvertes.<\/p>\n\n\n\n<figure class=\"wp-block-gallery has-nested-images columns-default is-cropped wp-block-gallery-5 is-layout-flex wp-block-gallery-is-layout-flex\">\n<figure class=\"wp-block-image size-full\"><img loading=\"lazy\" decoding=\"async\" width=\"219\" height=\"231\" data-id=\"3078\" src=\"https:\/\/anadel.fr\/wp-content\/uploads\/2026\/04\/Unknown-13.jpeg\" alt=\"\" class=\"wp-image-3078\"\/><\/figure>\n\n\n\n<figure class=\"wp-block-image size-full\"><img loading=\"lazy\" decoding=\"async\" width=\"1536\" height=\"2048\" data-id=\"3077\" src=\"https:\/\/anadel.fr\/wp-content\/uploads\/2026\/04\/Cell-Choisy-1536x2048-1.jpg\" alt=\"\" class=\"wp-image-3077\" srcset=\"https:\/\/anadel.fr\/wp-content\/uploads\/2026\/04\/Cell-Choisy-1536x2048-1.jpg 1536w, https:\/\/anadel.fr\/wp-content\/uploads\/2026\/04\/Cell-Choisy-1536x2048-1-225x300.jpg 225w, https:\/\/anadel.fr\/wp-content\/uploads\/2026\/04\/Cell-Choisy-1536x2048-1-768x1024.jpg 768w, https:\/\/anadel.fr\/wp-content\/uploads\/2026\/04\/Cell-Choisy-1536x2048-1-1152x1536.jpg 1152w\" sizes=\"auto, (max-width: 1536px) 100vw, 1536px\" \/><\/figure>\n\n\n\n<figure class=\"wp-block-image size-full\"><img loading=\"lazy\" decoding=\"async\" width=\"585\" height=\"741\" data-id=\"3076\" src=\"https:\/\/anadel.fr\/wp-content\/uploads\/2026\/04\/cell-xxvi.jpg\" alt=\"\" class=\"wp-image-3076\" srcset=\"https:\/\/anadel.fr\/wp-content\/uploads\/2026\/04\/cell-xxvi.jpg 585w, https:\/\/anadel.fr\/wp-content\/uploads\/2026\/04\/cell-xxvi-237x300.jpg 237w\" sizes=\"auto, (max-width: 585px) 100vw, 585px\" \/><\/figure>\n<\/figure>\n\n\n\n<p class=\"has-text-align-center\">Louise Bourgeois, <em><a href=\"https:\/\/www.singulart.com\/blog\/fr\/2024\/09\/19\/cellule-par-louise-bourgeois\/?srsltid=AfmBOoqDs5q1d-dULsitUEJh6nkdLoy3BSKh6YfLLp--0MbNkryR5BnK\">Structures of existence &#8211; The Cells<\/a><\/em>, 1991-2010<\/p>\n\n\n\n<p><em>Cells<\/em>\u00a0sont des espaces dans lesquels le spectateur peut regarder ou p\u00e9n\u00e9trer, d\u00e9couvrant des objets charg\u00e9s \u00e9motionnellement : fragments de corps, meubles, tissus, \u00e9l\u00e9ments personnels. Ces installations \u00e9voquent des \u00e9tats psychiques, notamment la peur, la douleur ou l\u2019enfermement.<\/p>\n\n\n\n<p>Certaines \u0153uvres int\u00e8grent des \u00e9l\u00e9ments autobiographiques explicites, comme la maison familiale ou des dispositifs violents (guillotine), traduisant les tensions internes li\u00e9es \u00e0 la famille. Bourgeois y montre comment les relations familiales peuvent devenir des lieux de conflit et d\u2019autodestruction.<\/p>\n\n\n\n<p>Ces espaces rappellent parfois des cages ou des cellules mentales, soulignant la dimension introspective de son travail. Le corps y est souvent absent, mais fortement sugg\u00e9r\u00e9 \u00e0 travers les objets et les formes.<\/p>\n\n\n\n<hr class=\"wp-block-separator has-alpha-channel-opacity\"\/>\n\n\n\n<h4 class=\"wp-block-heading\">La figure de la m\u00e8re : l\u2019araign\u00e9e et la m\u00e9moire<\/h4>\n\n\n\n<p>Un motif embl\u00e9matique de l\u2019\u0153uvre de Bourgeois est celui de l\u2019araign\u00e9e, notamment dans ses sculptures monumentales.<\/p>\n\n\n\n<p>Pour l\u2019artiste, l\u2019araign\u00e9e est une figure maternelle : elle renvoie \u00e0 sa m\u00e8re, restauratrice de tapisseries, associ\u00e9e au fil, au tissage et \u00e0 la r\u00e9paration. Loin d\u2019\u00eatre mena\u00e7ante, cette figure est protectrice, patiente et indispensable.<\/p>\n\n\n\n<figure class=\"wp-block-image size-full is-resized\"><img loading=\"lazy\" decoding=\"async\" width=\"245\" height=\"148\" src=\"https:\/\/anadel.fr\/wp-content\/uploads\/2026\/04\/images-17.jpeg\" alt=\"\" class=\"wp-image-3081\" style=\"width:520px;height:auto\"\/><\/figure>\n\n\n\n<p class=\"has-text-align-center\">Louise Bourgeois, <em><a href=\"https:\/\/fr.wikipedia.org\/wiki\/Maman_(sculpture)\">Maman<\/a><\/em>, 1999, sculpture en bronze<\/p>\n\n\n\n<p>Ce symbole montre \u00e0 quel point l\u2019\u0153uvre de Bourgeois est ancr\u00e9e dans une m\u00e9moire personnelle, tout en atteignant une dimension universelle. Les relations familiales &#8211; amour, trahison, protection, d\u00e9pendance &#8211; deviennent des th\u00e8mes centraux, exprim\u00e9s \u00e0 travers des formes organiques et ambivalentes.<\/p>\n\n\n\n<hr class=\"wp-block-separator has-alpha-channel-opacity\"\/>\n\n\n\n<h3 class=\"wp-block-heading\">Une \u0153uvre entre intimit\u00e9 et universalit\u00e9<\/h3>\n\n\n\n<p>L\u2019ensemble du travail de Louise Bourgeois se caract\u00e9rise par une tension constante : entre le personnel et l\u2019universel, entre le corps et l\u2019espace, entre la douceur et la violence.<\/p>\n\n\n\n<p>Ses formes, souvent organiques, peuvent \u00e9voquer \u00e0 la fois des organes sexuels, des paysages ou des architectures primitives. Cette ambigu\u00eft\u00e9 est au c\u0153ur de leur puissance : elle trouble le regard et provoque des \u00e9motions complexes, parfois contradictoires.<\/p>\n\n\n\n<p>\u00c0 travers son \u0153uvre, Bourgeois transforme ses exp\u00e9riences intimes en une exploration profonde de la condition humaine. Le corps y appara\u00eet tour \u00e0 tour contraint, fragment\u00e9, vuln\u00e9rable ou protecteur, devenant le lieu o\u00f9 se jouent les grandes questions de l\u2019existence.<\/p>\n\n\n\n<p><\/p>\n\n\n\n<p>Sources :<\/p>\n\n\n\n<ol class=\"wp-block-list\">\n<li><a href=\"https:\/\/fr.wikipedia.org\/wiki\/Louise_Bourgeois_(plasticienne)\">Wikip\u00e9dia<\/a><\/li>\n\n\n\n<li><a href=\"https:\/\/mediation.centrepompidou.fr\/education\/ressources\/ENS-bourgeois\/ENS-bourgeois.html\" target=\"_blank\" rel=\"noreferrer noopener\">Louise Bourgeois<\/a> &#8211; Centre Pompidou<\/li>\n\n\n\n<li><a href=\"https:\/\/numero.com\/art\/numero-art\/6-oeuvres-de-louise-bourgeois-qui-revelent-ses-secrets-les-plus-enfouis\/\">6 oeuvres de Louise Bourgeois qui r\u00e9v\u00e8lent ses secrets les plus enfouis<\/a><\/li>\n<\/ol>\n\n\n\n<p><\/p>\n","protected":false},"excerpt":{"rendered":"<p>le corps, la m\u00e9moire et les tensions de l\u2019intime Louise Bourgeois&nbsp;est une figure majeure de l\u2019art contemporain, n\u00e9e \u00e0 Paris en 1911 et install\u00e9e \u00e0 New York \u00e0 partir de 1938. Sculptrice, dessinatrice et plasticienne, elle d\u00e9veloppe une \u0153uvre profond\u00e9ment marqu\u00e9e par son histoire personnelle, m\u00ealant autobiographie, psychanalyse et exploration du corps. Form\u00e9e d\u2019abord aux&hellip; <a class=\"more-link\" href=\"https:\/\/anadel.fr\/index.php\/2026\/04\/18\/louise-bourgeoise\/\">Continue reading <span class=\"screen-reader-text\">Louise Bourgeoise<\/span><\/a><\/p>\n","protected":false},"author":1,"featured_media":0,"comment_status":"open","ping_status":"open","sticky":false,"template":"","format":"standard","meta":{"footnotes":""},"categories":[1],"tags":[],"class_list":["post-2211","post","type-post","status-publish","format-standard","hentry","category-non-classe","entry"],"_links":{"self":[{"href":"https:\/\/anadel.fr\/index.php\/wp-json\/wp\/v2\/posts\/2211","targetHints":{"allow":["GET"]}}],"collection":[{"href":"https:\/\/anadel.fr\/index.php\/wp-json\/wp\/v2\/posts"}],"about":[{"href":"https:\/\/anadel.fr\/index.php\/wp-json\/wp\/v2\/types\/post"}],"author":[{"embeddable":true,"href":"https:\/\/anadel.fr\/index.php\/wp-json\/wp\/v2\/users\/1"}],"replies":[{"embeddable":true,"href":"https:\/\/anadel.fr\/index.php\/wp-json\/wp\/v2\/comments?post=2211"}],"version-history":[{"count":29,"href":"https:\/\/anadel.fr\/index.php\/wp-json\/wp\/v2\/posts\/2211\/revisions"}],"predecessor-version":[{"id":3083,"href":"https:\/\/anadel.fr\/index.php\/wp-json\/wp\/v2\/posts\/2211\/revisions\/3083"}],"wp:attachment":[{"href":"https:\/\/anadel.fr\/index.php\/wp-json\/wp\/v2\/media?parent=2211"}],"wp:term":[{"taxonomy":"category","embeddable":true,"href":"https:\/\/anadel.fr\/index.php\/wp-json\/wp\/v2\/categories?post=2211"},{"taxonomy":"post_tag","embeddable":true,"href":"https:\/\/anadel.fr\/index.php\/wp-json\/wp\/v2\/tags?post=2211"}],"curies":[{"name":"wp","href":"https:\/\/api.w.org\/{rel}","templated":true}]}}