{"id":2502,"date":"2026-04-04T11:52:34","date_gmt":"2026-04-04T09:52:34","guid":{"rendered":"https:\/\/anadel.fr\/?p=2502"},"modified":"2026-04-04T17:14:10","modified_gmt":"2026-04-04T15:14:10","slug":"le-corps-ambigu-desir-et-regard-oblique-dans-lart-moderne","status":"publish","type":"post","link":"https:\/\/anadel.fr\/index.php\/2026\/04\/04\/le-corps-ambigu-desir-et-regard-oblique-dans-lart-moderne\/","title":{"rendered":"Le corps ambigu : d\u00e9sir et regard oblique dans l\u2019art moderne"},"content":{"rendered":"\n<p>Dans l\u2019histoire de l\u2019art moderne, le corps n\u2019est jamais seulement un sujet esth\u00e9tique. Il est aussi le lieu o\u00f9 se jouent les m\u00e9canismes du d\u00e9sir. Apr\u00e8s avoir envisag\u00e9 le d\u00e9sir du peintre dans sa relation au mod\u00e8le &#8211; qu\u2019il soit imm\u00e9diat chez&nbsp;Pablo Picasso, sublim\u00e9 chez&nbsp;Henri Matisse&nbsp;ou int\u00e9rioris\u00e9 chez&nbsp;Pierre Bonnard&nbsp;&#8211; il est possible d\u2019observer une autre orientation dans l\u2019art du XX\u1d49 si\u00e8cle : celle d\u2019un d\u00e9sir plus inquiet, plus d\u00e9tourn\u00e9, parfois qualifi\u00e9 de \u00ab pervers \u00bb.<\/p>\n\n\n\n<p>Dans ce cas, il ne s\u2019agit plus d\u2019une relation directe au mod\u00e8le. Le corps est regard\u00e9 de mani\u00e8re oblique, fragment\u00e9e, souvent \u00e0 distance. L\u2019image semble fonctionner comme un regard \u00e0 travers un trou de serrure : le d\u00e9sir ne se manifeste plus dans une \u00e9treinte franche, mais dans une tension m\u00eal\u00e9e de fascination et d\u2019inqui\u00e9tude.<\/p>\n\n\n\n<p>Certaines \u0153uvres majeures de l\u2019art moderne donnent ainsi forme \u00e0 ce d\u00e9sir ambigu. Dans <em>La Le\u00e7on de guitare<\/em> (1934) de Balthus, la sc\u00e8ne d\u00e9tourne l\u2019id\u00e9e d\u2019un simple apprentissage musical pour installer une tension \u00e9rotique troublante entre une femme adulte et une jeune fille. <\/p>\n\n\n\n<h5 class=\"wp-block-heading\">La le\u00e7on de guitare<\/h5>\n\n\n\n<p><em>La Le\u00e7on de guitare<\/em><sup>1<\/sup> de Balthus est sans doute son \u0153uvre la plus c\u00e9l\u00e8bre qui provoqua d&#8217;intenses controverses en raison de son ambigu\u00eft\u00e9 sexuelle. Le tableau montre une femme adulte tenant une jeune fille dans une posture qui d\u00e9tourne l\u2019id\u00e9e d\u2019une le\u00e7on de musique vers une sc\u00e8ne \u00e0 forte tension \u00e9rotique. Le tableau serait inspir\u00e9 par la composition de la&nbsp;<em><a href=\"https:\/\/collections.louvre.fr\/ark:\/53355\/cl010063345\">Piet\u00e0 de Villeneuve-l\u00e8s-Avignon<\/a><\/em>, chef-d\u2019oeuvre de la peinture fran\u00e7aise du XVe&nbsp;si\u00e8cle o\u00f9 le corps du Christ est renvers\u00e9 sur les genoux de la Vierge. Ici, c&#8217;est&nbsp;une jeune fille, qui est allong\u00e9e sur les genoux d&#8217;une&nbsp;une femme au sein droit nu. La figure renvers\u00e9e accentue le caract\u00e8re dramatique de l\u2019image. L\u2019\u0153uvre a suscit\u00e9 une vive pol\u00e9mique, au point d\u2019\u00eatre retir\u00e9e du Museum of Modern Art, puis longtemps interdite de reproduction par l\u2019artiste lui-m\u00eame. Balthus transforme une sc\u00e8ne quotidienne en une repr\u00e9sentation troublante du d\u00e9sir, m\u00ealant fascination, malaise et ambigu\u00eft\u00e9.<\/p>\n\n\n\n<p>Cette atmosph\u00e8re de d\u00e9sir \u00e0 la fois pr\u00e9sent et refoul\u00e9 traverse l\u2019ensemble de l\u2019\u0153uvre de\u00a0Balthus, peupl\u00e9e de jeunes figures f\u00e9minines plong\u00e9es dans une langueur silencieuse ; c\u2019est pr\u00e9cis\u00e9ment dans ce contexte qu\u2019appara\u00eet\u00a0<em>Les Beaux Jours<\/em>, o\u00f9 le jeu avec le miroir et la pr\u00e9sence masculine en retrait intensifient encore cette tension latente.<\/p>\n\n\n\n<figure class=\"wp-block-image size-full\"><img loading=\"lazy\" decoding=\"async\" width=\"843\" height=\"611\" src=\"https:\/\/anadel.fr\/wp-content\/uploads\/2026\/04\/Les-beaux-jours-Balthus-1944-45.jpg\" alt=\"\" class=\"wp-image-2528\" srcset=\"https:\/\/anadel.fr\/wp-content\/uploads\/2026\/04\/Les-beaux-jours-Balthus-1944-45.jpg 843w, https:\/\/anadel.fr\/wp-content\/uploads\/2026\/04\/Les-beaux-jours-Balthus-1944-45-300x217.jpg 300w, https:\/\/anadel.fr\/wp-content\/uploads\/2026\/04\/Les-beaux-jours-Balthus-1944-45-768x557.jpg 768w\" sizes=\"auto, (max-width: 843px) 100vw, 843px\" \/><\/figure>\n\n\n\n<p class=\"has-text-align-center\"><sub><sup>Balthus, <em>Les beaux jours<\/em>, 1944-1946<\/sup><\/sub><\/p>\n\n\n\n<h5 class=\"wp-block-heading\">Les beaux jours <\/h5>\n\n\n\n<p><em>Les Beaux Jours<\/em> (1944-1946) de Balthus montre une jeune fille pubescente assise dans une attitude r\u00eaveuse et l\u00e9g\u00e8rement lascive, jouant avec un miroir, symbole traditionnel de la f\u00e9minit\u00e9 et de l\u2019introspection. La pr\u00e9sence d\u2019un homme vu de dos, occup\u00e9 pr\u00e8s de la chemin\u00e9e, introduit une tension discr\u00e8te qui renforce l\u2019expression latente du d\u00e9sir. Balthus explore ici la fronti\u00e8re fragile entre innocence et sensualit\u00e9, en construisant une sc\u00e8ne silencieuse o\u00f9 la lumi\u00e8re et la composition accentuent le caract\u00e8re voyeuriste et ambigu de la situation.<\/p>\n\n\n\n<hr class=\"wp-block-separator has-alpha-channel-opacity\"\/>\n\n\n\n<p>De m\u00eame, les poup\u00e9es articul\u00e9es cr\u00e9\u00e9es par&nbsp;Hans Bellmer&nbsp;dans les ann\u00e9es 1930 &#8211; notamment dans la s\u00e9rie autour de<em>&nbsp;La Poup\u00e9e<\/em>&nbsp;&#8211; mettent en sc\u00e8ne un corps artificiel, fragment\u00e9 et recomposable. Con\u00e7ue en bois et en papier m\u00e2ch\u00e9, cette figure articul\u00e9e peut adopter des positions multiples, que l\u2019artiste photographie ensuite dans diff\u00e9rentes mises en sc\u00e8ne.&nbsp;Ce corps artificiel r\u00e9v\u00e8le un imaginaire o\u00f9 d\u00e9sir, angoisse et fantasme se m\u00ealent \u00e9troitement.<\/p>\n\n\n\n<figure class=\"wp-block-image size-full\"><img loading=\"lazy\" decoding=\"async\" width=\"475\" height=\"320\" src=\"https:\/\/anadel.fr\/wp-content\/uploads\/2026\/04\/illustrationprincipale1.png\" alt=\"\" class=\"wp-image-2532\" srcset=\"https:\/\/anadel.fr\/wp-content\/uploads\/2026\/04\/illustrationprincipale1.png 475w, https:\/\/anadel.fr\/wp-content\/uploads\/2026\/04\/illustrationprincipale1-300x202.png 300w\" sizes=\"auto, (max-width: 475px) 100vw, 475px\" \/><\/figure>\n\n\n\n<p class=\"has-text-align-center\"><sub><sup>Hans Bellmer, <em>La Poup\u00e9e<\/em>, 1935-1936, sculpture en bois et papier mach\u00e9, Mus\u00e9e national d&#8217;Art Moderne, Paris<\/sup><\/sub><\/p>\n\n\n\n<p>Ces images ne doivent pourtant pas \u00eatre interpr\u00e9t\u00e9es comme des confessions psychologiques directes. L\u2019enjeu n\u2019est pas de pratiquer une \u00ab psychanalyse \u00bb des artistes, mais plut\u00f4t de comprendre comment certaines \u0153uvres interrogent les m\u00e9canismes du d\u00e9sir en transformant le corps en objet construit, instable et charg\u00e9 d\u2019ambivalence.<\/p>\n\n\n\n<h4 class=\"wp-block-heading\">L\u2019art comme laboratoire du d\u00e9sir<\/h4>\n\n\n\n<p>L\u2019enjeu est donc de comprendre comment certaines \u0153uvres interrogent le corps et les m\u00e9canismes du d\u00e9sir. L\u2019art peut ainsi fonctionner comme un&nbsp;<em>laboratoire imaginaire<\/em>, o\u00f9 se manifestent des tensions psychiques et culturelles difficiles \u00e0 exprimer autrement.<\/p>\n\n\n\n<p>C\u2019est pr\u00e9cis\u00e9ment ce que l\u2019on observe dans l\u2019\u0153uvre de plusieurs artistes majeurs du XX\u1d49 si\u00e8cle. Chez&nbsp;Balthus, le regard devient voyeur et silencieux. Chez&nbsp;Hans Bellmer, le corps se transforme en objet manipulable et fragment\u00e9. Chez&nbsp;Pierre Molinier, la photographie met en sc\u00e8ne des identit\u00e9s sexuelles multiples et th\u00e9\u00e2trales, comme dans ses c\u00e9l\u00e8bres autoportraits f\u00e9tichistes. Dans les images de&nbsp;Nobuyoshi Araki, notamment dans la s\u00e9rie&nbsp;Kinbaku, le corps ligot\u00e9 devient un territoire de d\u00e9sir, de mise en sc\u00e8ne et de pouvoir. Ces artistes explorent, chacun \u00e0 sa mani\u00e8re, une zone particuli\u00e8re de la relation entre d\u00e9sir, regard et repr\u00e9sentation du corps.<\/p>\n\n\n\n<p>Sources :<\/p>\n\n\n\n<ol class=\"wp-block-list\">\n<li>La le\u00e7on de guitare , <a href=\"https:\/\/www.biographie-peintre-analyse.com\/2009\/07\/01\/balthus-la-le\u00e7on-de-guitare-1934-analyse-d-oeuvre\/\">Analyse d&#8217;oeuvre<\/a> <\/li>\n\n\n\n<li>Cours d&#8217;histoire de l&#8217;art, Michel Makarius, Paris 1<\/li>\n<\/ol>\n\n\n\n<p><\/p>\n","protected":false},"excerpt":{"rendered":"<p>Dans l\u2019histoire de l\u2019art moderne, le corps n\u2019est jamais seulement un sujet esth\u00e9tique. Il est aussi le lieu o\u00f9 se jouent les m\u00e9canismes du d\u00e9sir. Apr\u00e8s avoir envisag\u00e9 le d\u00e9sir du peintre dans sa relation au mod\u00e8le &#8211; qu\u2019il soit imm\u00e9diat chez&nbsp;Pablo Picasso, sublim\u00e9 chez&nbsp;Henri Matisse&nbsp;ou int\u00e9rioris\u00e9 chez&nbsp;Pierre Bonnard&nbsp;&#8211; il est possible d\u2019observer une autre&hellip; <a class=\"more-link\" href=\"https:\/\/anadel.fr\/index.php\/2026\/04\/04\/le-corps-ambigu-desir-et-regard-oblique-dans-lart-moderne\/\">Continue reading <span class=\"screen-reader-text\">Le corps ambigu : d\u00e9sir et regard oblique dans l\u2019art moderne<\/span><\/a><\/p>\n","protected":false},"author":1,"featured_media":0,"comment_status":"open","ping_status":"open","sticky":false,"template":"","format":"standard","meta":{"footnotes":""},"categories":[15],"tags":[],"class_list":["post-2502","post","type-post","status-publish","format-standard","hentry","category-le-corps-apres-1945","entry"],"_links":{"self":[{"href":"https:\/\/anadel.fr\/index.php\/wp-json\/wp\/v2\/posts\/2502","targetHints":{"allow":["GET"]}}],"collection":[{"href":"https:\/\/anadel.fr\/index.php\/wp-json\/wp\/v2\/posts"}],"about":[{"href":"https:\/\/anadel.fr\/index.php\/wp-json\/wp\/v2\/types\/post"}],"author":[{"embeddable":true,"href":"https:\/\/anadel.fr\/index.php\/wp-json\/wp\/v2\/users\/1"}],"replies":[{"embeddable":true,"href":"https:\/\/anadel.fr\/index.php\/wp-json\/wp\/v2\/comments?post=2502"}],"version-history":[{"count":16,"href":"https:\/\/anadel.fr\/index.php\/wp-json\/wp\/v2\/posts\/2502\/revisions"}],"predecessor-version":[{"id":2651,"href":"https:\/\/anadel.fr\/index.php\/wp-json\/wp\/v2\/posts\/2502\/revisions\/2651"}],"wp:attachment":[{"href":"https:\/\/anadel.fr\/index.php\/wp-json\/wp\/v2\/media?parent=2502"}],"wp:term":[{"taxonomy":"category","embeddable":true,"href":"https:\/\/anadel.fr\/index.php\/wp-json\/wp\/v2\/categories?post=2502"},{"taxonomy":"post_tag","embeddable":true,"href":"https:\/\/anadel.fr\/index.php\/wp-json\/wp\/v2\/tags?post=2502"}],"curies":[{"name":"wp","href":"https:\/\/api.w.org\/{rel}","templated":true}]}}