{"id":2521,"date":"2026-04-17T14:24:15","date_gmt":"2026-04-17T12:24:15","guid":{"rendered":"https:\/\/anadel.fr\/?p=2521"},"modified":"2026-04-17T14:28:31","modified_gmt":"2026-04-17T12:28:31","slug":"sophie-calle","status":"publish","type":"post","link":"https:\/\/anadel.fr\/index.php\/2026\/04\/17\/sophie-calle\/","title":{"rendered":"Sophie Calle"},"content":{"rendered":"\n<h4 class=\"wp-block-heading\">Introduction : une artiste de l\u2019intime<\/h4>\n\n\n\n<p>Sophie Calle est une figure majeure de l\u2019art contemporain fran\u00e7ais, dont le travail brouille volontairement les fronti\u00e8res entre vie priv\u00e9e et cr\u00e9ation artistique. N\u00e9e \u00e0 Paris en 1953, elle d\u00e9veloppe tr\u00e8s t\u00f4t une pratique singuli\u00e8re qui consiste \u00e0 transformer ses exp\u00e9riences personnelles &#8211; parfois les plus intimes &#8211; en \u0153uvres d\u2019art.<\/p>\n\n\n\n<p>Photographie, \u00e9criture, vid\u00e9o, performance : elle mobilise une grande diversit\u00e9 de m\u00e9diums pour raconter, documenter et rejouer des fragments de sa propre existence. Son parcours est marqu\u00e9 par une p\u00e9riode d\u2019errance et d\u2019exp\u00e9rimentation. Apr\u00e8s plusieurs ann\u00e9es de voyages et d\u2019engagements politiques, elle revient \u00e0 Paris sans direction pr\u00e9cise. C\u2019est alors qu\u2019elle commence \u00e0 suivre des inconnus dans la rue, notant leurs trajets, observant leurs habitudes &#8211; une mani\u00e8re pour elle de red\u00e9couvrir la ville \u00e0 travers le regard des autres. Cette d\u00e9marche devient fondatrice : elle pose les bases d\u2019une \u0153uvre construite sur l\u2019enqu\u00eate, le hasard et la mise en r\u00e9cit.<br><\/p>\n\n\n\n<p>Tr\u00e8s vite, son travail s\u2019organise autour de dispositifs m\u00ealant textes et images, o\u00f9 chaque photographie est accompagn\u00e9e d\u2019un r\u00e9cit qui en \u00e9claire l\u2019origine ou les cons\u00e9quences. Elle met souvent en sc\u00e8ne sa propre personne et invite le spectateur \u00e0 p\u00e9n\u00e9trer dans son intimit\u00e9, tout en gardant un contr\u00f4le pr\u00e9cis sur la narration. L\u2019un des fils conducteurs de son \u0153uvre reste <em>la question de l\u2019absence, de la perte et des relations humaines<\/em>, abord\u00e9es \u00e0 travers des dispositifs artistiques qui oscillent entre distance et implication \u00e9motionnelle.<\/p>\n\n\n\n<figure class=\"wp-block-gallery has-nested-images columns-default is-cropped wp-block-gallery-1 is-layout-flex wp-block-gallery-is-layout-flex\">\n<figure class=\"wp-block-image size-large\"><img loading=\"lazy\" decoding=\"async\" width=\"311\" height=\"450\" data-id=\"2954\" src=\"https:\/\/anadel.fr\/wp-content\/uploads\/2026\/04\/prenez_soin_de_vous_sc.jpg.webp\" alt=\"\" class=\"wp-image-2954\" srcset=\"https:\/\/anadel.fr\/wp-content\/uploads\/2026\/04\/prenez_soin_de_vous_sc.jpg.webp 311w, https:\/\/anadel.fr\/wp-content\/uploads\/2026\/04\/prenez_soin_de_vous_sc.jpg-207x300.webp 207w\" sizes=\"auto, (max-width: 311px) 100vw, 311px\" \/><\/figure>\n\n\n\n<figure class=\"wp-block-image size-large\"><img loading=\"lazy\" decoding=\"async\" width=\"424\" height=\"600\" data-id=\"2955\" src=\"https:\/\/anadel.fr\/wp-content\/uploads\/2026\/04\/4c2b0-couv.jpg.webp\" alt=\"\" class=\"wp-image-2955\" srcset=\"https:\/\/anadel.fr\/wp-content\/uploads\/2026\/04\/4c2b0-couv.jpg.webp 424w, https:\/\/anadel.fr\/wp-content\/uploads\/2026\/04\/4c2b0-couv.jpg-212x300.webp 212w\" sizes=\"auto, (max-width: 424px) 100vw, 424px\" \/><\/figure>\n<\/figure>\n\n\n\n<p class=\"has-text-align-center\">Sophie Calle, <em>Prenez soin de vous<\/em>, installation et performance, 52\u00e8me Biennale de Venise, 2007<\/p>\n\n\n\n<h5 class=\"wp-block-heading\">Prenez soin de vous : transformer la rupture en \u0153uvre collective<\/h5>\n\n\n\n<p><em>Prenez soin de vous<\/em>, pr\u00e9sent\u00e9e \u00e0 la Biennale de Venise en 2007, s\u2019inscrit parfaitement dans cette d\u00e9marche o\u00f9 l\u2019intime devient mati\u00e8re artistique. \u00c0 l\u2019origine du projet : une lettre de rupture re\u00e7ue par l\u2019artiste. La formule de conclusion &#8211; \u00ab prenez soin de vous \u00bb -, apparemment bienveillante, est per\u00e7ue par Sophie Calle comme profond\u00e9ment ambigu\u00eb, voire blessante. <\/p>\n\n\n\n<p>Plut\u00f4t que de r\u00e9pondre directement \u00e0 cette lettre, l\u2019artiste choisit de d\u00e9l\u00e9guer son interpr\u00e9tation. Elle confie le texte \u00e0 107 femmes<sup>*<\/sup> issues de professions vari\u00e9es &#8211; com\u00e9diennes, chanteuses, traductrices, juristes, danseuses ou encore sp\u00e9cialistes du langage &#8211; en leur demandant de l\u2019analyser selon leurs comp\u00e9tences. Ce geste transforme une exp\u00e9rience personnelle en un projet collectif d\u2019une grande richesse formelle.<\/p>\n\n\n\n<p>Chaque participante propose une lecture diff\u00e9rente : certaines diss\u00e8quent la grammaire, d\u2019autres traduisent la lettre en braille, la chantent, la dansent ou la jouent. L\u2019\u0153uvre devient ainsi un ensemble foisonnant de r\u00e9ponses, m\u00ealant vid\u00e9os, textes, performances et enregistrements. Cette multiplicit\u00e9 de points de vue ouvre une r\u00e9flexion sur la polys\u00e9mie du langage et sur la mani\u00e8re dont un m\u00eame message peut produire des effets \u00e9motionnels tr\u00e8s diff\u00e9rents.<br><\/p>\n\n\n\n<figure class=\"wp-block-gallery has-nested-images columns-default is-cropped wp-block-gallery-2 is-layout-flex wp-block-gallery-is-layout-flex\">\n<figure class=\"wp-block-image size-large\"><img loading=\"lazy\" decoding=\"async\" width=\"734\" height=\"490\" data-id=\"2963\" src=\"https:\/\/anadel.fr\/wp-content\/uploads\/2026\/04\/d7hftxdivxxvm-3.cloudfront.net_.webp\" alt=\"\" class=\"wp-image-2963\" srcset=\"https:\/\/anadel.fr\/wp-content\/uploads\/2026\/04\/d7hftxdivxxvm-3.cloudfront.net_.webp 734w, https:\/\/anadel.fr\/wp-content\/uploads\/2026\/04\/d7hftxdivxxvm-3.cloudfront.net_-300x200.webp 300w\" sizes=\"auto, (max-width: 734px) 100vw, 734px\" \/><\/figure>\n\n\n\n<figure class=\"wp-block-image size-large\"><img loading=\"lazy\" decoding=\"async\" width=\"367\" height=\"245\" data-id=\"2962\" src=\"https:\/\/anadel.fr\/wp-content\/uploads\/2026\/04\/d7hftxdivxxvm-2.cloudfront.net_.webp\" alt=\"\" class=\"wp-image-2962\" srcset=\"https:\/\/anadel.fr\/wp-content\/uploads\/2026\/04\/d7hftxdivxxvm-2.cloudfront.net_.webp 367w, https:\/\/anadel.fr\/wp-content\/uploads\/2026\/04\/d7hftxdivxxvm-2.cloudfront.net_-300x200.webp 300w\" sizes=\"auto, (max-width: 367px) 100vw, 367px\" \/><\/figure>\n<\/figure>\n\n\n\n<p>Au c\u0153ur de <em>Prenez soin de vous<\/em> se trouve une dimension cathartique. En externalisant sa douleur et en la partageant avec d\u2019autres, Sophie Calle transforme une exp\u00e9rience de rupture en processus de lib\u00e9ration \u00e9motionnelle. L\u2019\u0153uvre ne se limite pas \u00e0 une mise \u00e0 distance de la souffrance : elle en propose une relecture active, o\u00f9 l\u2019analyse, le corps et la voix participent \u00e0 une forme de r\u00e9paration symbolique.<br><\/p>\n\n\n\n<p>Mais l\u2019enjeu d\u00e9passe le cadre individuel. En r\u00e9unissant 107 femmes autour d\u2019un m\u00eame texte, l\u2019artiste met en avant une pluralit\u00e9 de regards f\u00e9minins et souligne leur capacit\u00e9 \u00e0 transformer une exp\u00e9rience douloureuse en cr\u00e9ation. L\u2019\u0153uvre devient alors un espace de solidarit\u00e9 et d\u2019\u00e9mancipation, o\u00f9 l\u2019intime se fait collectif, et o\u00f9 la fragilit\u00e9 se convertit en force expressive. Ainsi, Prenez soin de vous illustre pleinement la d\u00e9marche de Sophie Calle : partir de soi pour aller vers les autres, faire de la vie une mati\u00e8re artistique, et proposer au spectateur une exp\u00e9rience \u00e0 la fois esth\u00e9tique et profond\u00e9ment humaine.<\/p>\n\n\n\n<p><\/p>\n\n\n\n<p>Sources :<\/p>\n\n\n\n<ol class=\"wp-block-list\">\n<li>Cours d&#8217;histoire de l&#8217;art, Paris 1<\/li>\n\n\n\n<li><em><a href=\"https:\/\/diacritik.com\/2015\/11\/12\/sophie-calle-prenez-soin-de-vous-1book1day\/\">Prenez soin de vous<\/a><\/em> &#8211; Diacritik<\/li>\n<\/ol>\n\n\n\n<hr class=\"wp-block-separator has-alpha-channel-opacity\"\/>\n\n\n\n<p>Qui sont donc ces 107 femmes que Sophie Calle convoque, comme autant de reflets ou de prolongements d\u2019elle-m\u00eame ? Le groupe est volontairement h\u00e9t\u00e9rog\u00e8ne. On y trouve des com\u00e9diennes reconnues comme Jeanne Moreau, Elsa Zylberstein, Amira Casar ou Ariane Ascaride, mais aussi une comptable, ou encore des chanteuses telles que Camille et Elli Medeiros, qui mettent la lettre en musique.<\/p>\n\n\n\n<p>Certaines apportent un regard analytique ou intellectuel, comme l\u2019historienne Arlette Farge, tandis que d\u2019autres adoptent une lecture plus inattendue : une chasseuse de t\u00eates salue chez l\u2019auteur de la lettre une \u00e9tonnante \u00ab capacit\u00e9 \u00e0 licencier \u00bb, et une commissaire de police formule un constat brutal sur les probabilit\u00e9s de mariage pass\u00e9 un certain \u00e2ge.<\/p>\n\n\n\n<p>L\u2019\u0153uvre accueille aussi des approches li\u00e9es au soin et \u00e0 l\u2019intime : une voyante propose sa lecture, et la sexologue Catherine Solano refuse toute m\u00e9dicalisation de la peine amoureuse, la ramenant \u00e0 une tristesse l\u00e9gitime face \u00e0 un \u00e9v\u00e9nement douloureux.<\/p>\n\n\n\n<p>Le champ litt\u00e9raire est \u00e9galement repr\u00e9sent\u00e9, avec des autrices qui r\u00e9\u00e9crivent ou prolongent le texte. D\u2019autres encore d\u00e9placent la lettre vers des univers sp\u00e9cifiques : une sp\u00e9cialiste du renseignement la code, une dessinatrice la transpose en images, et la diplomate Leila Shahid y lit des enjeux politiques, \u00e9voquant d\u00e9cisions unilat\u00e9rales et accords bafou\u00e9s. Une juge r\u00e9duit la relation \u00e0 une simple affaire contractuelle, quand la joueuse d\u2019\u00e9checs Nathalie Franc interpr\u00e8te la situation comme une d\u00e9faite strat\u00e9gique.<\/p>\n\n\n\n<p>Enfin, la journaliste Florence Aubenas adopte un point de vue radicalement ext\u00e9rieur, expliquant pourquoi une telle lettre n\u2019aurait pas sa place dans un journal : elle n\u2019aurait, selon elle, ni port\u00e9e publique ni int\u00e9r\u00eat \u00e9ditorial.<\/p>\n\n\n\n<p>\u00c0 travers cette diversit\u00e9 de voix, Sophie Calle compose une \u0153uvre chorale, o\u00f9 chaque interpr\u00e9tation d\u00e9place, enrichit ou d\u00e9tourne le sens initial du texte, r\u00e9v\u00e9lant toute la complexit\u00e9 d\u2019une exp\u00e9rience intime confront\u00e9e au regard des autres.<\/p>\n\n\n\n<p><\/p>\n","protected":false},"excerpt":{"rendered":"<p>Introduction : une artiste de l\u2019intime Sophie Calle est une figure majeure de l\u2019art contemporain fran\u00e7ais, dont le travail brouille volontairement les fronti\u00e8res entre vie priv\u00e9e et cr\u00e9ation artistique. N\u00e9e \u00e0 Paris en 1953, elle d\u00e9veloppe tr\u00e8s t\u00f4t une pratique singuli\u00e8re qui consiste \u00e0 transformer ses exp\u00e9riences personnelles &#8211; parfois les plus intimes &#8211; en&hellip; <a class=\"more-link\" href=\"https:\/\/anadel.fr\/index.php\/2026\/04\/17\/sophie-calle\/\">Continue reading <span class=\"screen-reader-text\">Sophie Calle<\/span><\/a><\/p>\n","protected":false},"author":1,"featured_media":0,"comment_status":"open","ping_status":"open","sticky":false,"template":"","format":"standard","meta":{"footnotes":""},"categories":[1],"tags":[],"class_list":["post-2521","post","type-post","status-publish","format-standard","hentry","category-non-classe","entry"],"_links":{"self":[{"href":"https:\/\/anadel.fr\/index.php\/wp-json\/wp\/v2\/posts\/2521","targetHints":{"allow":["GET"]}}],"collection":[{"href":"https:\/\/anadel.fr\/index.php\/wp-json\/wp\/v2\/posts"}],"about":[{"href":"https:\/\/anadel.fr\/index.php\/wp-json\/wp\/v2\/types\/post"}],"author":[{"embeddable":true,"href":"https:\/\/anadel.fr\/index.php\/wp-json\/wp\/v2\/users\/1"}],"replies":[{"embeddable":true,"href":"https:\/\/anadel.fr\/index.php\/wp-json\/wp\/v2\/comments?post=2521"}],"version-history":[{"count":10,"href":"https:\/\/anadel.fr\/index.php\/wp-json\/wp\/v2\/posts\/2521\/revisions"}],"predecessor-version":[{"id":2968,"href":"https:\/\/anadel.fr\/index.php\/wp-json\/wp\/v2\/posts\/2521\/revisions\/2968"}],"wp:attachment":[{"href":"https:\/\/anadel.fr\/index.php\/wp-json\/wp\/v2\/media?parent=2521"}],"wp:term":[{"taxonomy":"category","embeddable":true,"href":"https:\/\/anadel.fr\/index.php\/wp-json\/wp\/v2\/categories?post=2521"},{"taxonomy":"post_tag","embeddable":true,"href":"https:\/\/anadel.fr\/index.php\/wp-json\/wp\/v2\/tags?post=2521"}],"curies":[{"name":"wp","href":"https:\/\/api.w.org\/{rel}","templated":true}]}}