{"id":2782,"date":"2026-04-18T16:14:40","date_gmt":"2026-04-18T14:14:40","guid":{"rendered":"https:\/\/anadel.fr\/?p=2782"},"modified":"2026-04-18T19:08:07","modified_gmt":"2026-04-18T17:08:07","slug":"corps-en-mutation-et-post-humain","status":"publish","type":"post","link":"https:\/\/anadel.fr\/index.php\/2026\/04\/18\/corps-en-mutation-et-post-humain\/","title":{"rendered":"Corps en mutation et post-humain"},"content":{"rendered":"\n<h4 class=\"wp-block-heading\">Orlan : le corps comme transformation technologique<\/h4>\n\n\n\n<p>L\u2019\u0153uvre d\u2019Orlan repense enti\u00e8rement le corps en le pr\u00e9sentant comme une mati\u00e8re mall\u00e9able, soumise \u00e0 des transformations successives. Le corps n\u2019est plus li\u00e9 \u00e0 une identit\u00e9 fixe : il devient un processus en \u00e9volution permanente, un \u00ab work in progress \u00bb. Cette logique va \u00e0 l\u2019encontre de la conception traditionnelle de l\u2019identit\u00e9 comme stabilit\u00e9.<\/p>\n\n\n\n<p> La mutation du corps n\u2019est plus naturelle (li\u00e9e au vieillissement), mais artificielle et technologique. Le corps et la machine sont \u00e9troitement associ\u00e9s, ce qui produit une forme d\u2019hybridation nouvelle. Cette \u00e9volution s\u2019inscrit dans un contexte scientifique marqu\u00e9 par les progr\u00e8s m\u00e9dicaux (greffes, implants, proth\u00e8ses, g\u00e9n\u00e9tique, clonage), qui modifient la mani\u00e8re de penser le corps humain.<\/p>\n\n\n\n<figure class=\"wp-block-image size-full\"><img loading=\"lazy\" decoding=\"async\" width=\"614\" height=\"400\" src=\"https:\/\/anadel.fr\/wp-content\/uploads\/2026\/04\/orlan_20131212102441_20150507083331-1.jpg\" alt=\"\" class=\"wp-image-3129\" srcset=\"https:\/\/anadel.fr\/wp-content\/uploads\/2026\/04\/orlan_20131212102441_20150507083331-1.jpg 614w, https:\/\/anadel.fr\/wp-content\/uploads\/2026\/04\/orlan_20131212102441_20150507083331-1-300x195.jpg 300w\" sizes=\"auto, (max-width: 614px) 100vw, 614px\" \/><\/figure>\n\n\n\n<p>Dans ce cadre, l\u2019art ne s\u2019int\u00e9resse plus uniquement \u00e0 un corps interdit ou fantasm\u00e9, mais \u00e0 un corps instable, en devenir. Le corps devient un objet d\u2019exp\u00e9rimentation, parfois m\u00eame surexpos\u00e9 dans des formes d\u2019exhibitionnisme contemporain.<\/p>\n\n\n\n<h4 class=\"wp-block-heading\"><br>Le corps monstrueux dans l\u2019art contemporain<\/h4>\n\n\n\n<p>La question du corps en mutation est aussi li\u00e9e \u00e0 la figure du monstre, d\u00e9j\u00e0 pr\u00e9sente dans des \u0153uvres comme celles de Hans Bellmer. Cette dimension se retrouve dans l\u2019art contemporain avec <a href=\"https:\/\/florilegesjournal.wordpress.com\/2024\/03\/24\/un-art-aux-frontieres-de-la-morale-le-cas-des-freres-chapman\/\">les fr\u00e8res Chapman<\/a>, dont les sculptures de mannequins provoquent un malaise violent. Par rapport \u00e0 Bellmer, leur approche est plus agressive et d\u00e9rangeante, m\u00ealant enfance, sexualit\u00e9 et d\u00e9formation anatomique.<\/p>\n\n\n\n<figure class=\"wp-block-gallery has-nested-images columns-default is-cropped wp-block-gallery-1 is-layout-flex wp-block-gallery-is-layout-flex\">\n<figure class=\"wp-block-image size-large\"><img loading=\"lazy\" decoding=\"async\" width=\"366\" height=\"470\" data-id=\"3131\" src=\"https:\/\/anadel.fr\/wp-content\/uploads\/2026\/04\/jake-and-dinos-chapman-great-deeds.-against-the-dead.jpg\" alt=\"\" class=\"wp-image-3131\" srcset=\"https:\/\/anadel.fr\/wp-content\/uploads\/2026\/04\/jake-and-dinos-chapman-great-deeds.-against-the-dead.jpg 366w, https:\/\/anadel.fr\/wp-content\/uploads\/2026\/04\/jake-and-dinos-chapman-great-deeds.-against-the-dead-234x300.jpg 234w\" sizes=\"auto, (max-width: 366px) 100vw, 366px\" \/><\/figure>\n\n\n\n<figure class=\"wp-block-image size-large\"><img loading=\"lazy\" decoding=\"async\" width=\"960\" height=\"722\" data-id=\"937\" src=\"https:\/\/anadel.fr\/wp-content\/uploads\/2025\/12\/Esto_es_peor.jpg\" alt=\"\" class=\"wp-image-937\" srcset=\"https:\/\/anadel.fr\/wp-content\/uploads\/2025\/12\/Esto_es_peor.jpg 960w, https:\/\/anadel.fr\/wp-content\/uploads\/2025\/12\/Esto_es_peor-300x226.jpg 300w, https:\/\/anadel.fr\/wp-content\/uploads\/2025\/12\/Esto_es_peor-768x578.jpg 768w\" sizes=\"auto, (max-width: 960px) 100vw, 960px\" \/><\/figure>\n<\/figure>\n\n\n\n<p class=\"has-text-align-center\">Jake et Dinos Chapman, Great deeds. Against the dead ! 1994 <\/p>\n\n\n\n<p>Dans <em>Great Deeds against the Dead<\/em> (1994), ils r\u00e9interpr\u00e8tent en trois dimensions les gravures de Francisco de Goya issues des D\u00e9sastres de la guerre (1810-1815), repr\u00e9sentant les horreurs de l\u2019occupation napol\u00e9onienne en Espagne. En transposant ces images en sculptures monumentales, ils d\u00e9placent la repr\u00e9sentation vers une confrontation plus directe avec la violence. Le spectateur se retrouve ainsi face \u00e0 une brutalit\u00e9 rendue presque tangible, comme mise \u00e0 port\u00e9e de main, ce qui renouvelle profond\u00e9ment l\u2019impact des images de guerre et participe \u00e0 cette esth\u00e9tique du corps et du vivant d\u00e9form\u00e9 propre \u00e0 leur travail.<\/p>\n\n\n\n<figure class=\"wp-block-image size-full\"><img loading=\"lazy\" decoding=\"async\" width=\"818\" height=\"741\" src=\"https:\/\/anadel.fr\/wp-content\/uploads\/2026\/04\/H5w8w9W38egTYor4CkIlTJ3UIOyuxoA19dwBogyfw2NbrH7kr65K4VAg8pXhDPo4adV_ML9s463da69rUDclieZ9WXFRwAOL39HuTyO-DnVxylqJnq_4_ZnbVMff6UJc_PqDQLsCtsydjzJJpr36gcHlfqR3KcXunaS8w4K7d9d2cGOh2T7B4J4YUboC3nKs.jpeg\" alt=\"\" class=\"wp-image-3137\" srcset=\"https:\/\/anadel.fr\/wp-content\/uploads\/2026\/04\/H5w8w9W38egTYor4CkIlTJ3UIOyuxoA19dwBogyfw2NbrH7kr65K4VAg8pXhDPo4adV_ML9s463da69rUDclieZ9WXFRwAOL39HuTyO-DnVxylqJnq_4_ZnbVMff6UJc_PqDQLsCtsydjzJJpr36gcHlfqR3KcXunaS8w4K7d9d2cGOh2T7B4J4YUboC3nKs.jpeg 818w, https:\/\/anadel.fr\/wp-content\/uploads\/2026\/04\/H5w8w9W38egTYor4CkIlTJ3UIOyuxoA19dwBogyfw2NbrH7kr65K4VAg8pXhDPo4adV_ML9s463da69rUDclieZ9WXFRwAOL39HuTyO-DnVxylqJnq_4_ZnbVMff6UJc_PqDQLsCtsydjzJJpr36gcHlfqR3KcXunaS8w4K7d9d2cGOh2T7B4J4YUboC3nKs-300x272.jpeg 300w, https:\/\/anadel.fr\/wp-content\/uploads\/2026\/04\/H5w8w9W38egTYor4CkIlTJ3UIOyuxoA19dwBogyfw2NbrH7kr65K4VAg8pXhDPo4adV_ML9s463da69rUDclieZ9WXFRwAOL39HuTyO-DnVxylqJnq_4_ZnbVMff6UJc_PqDQLsCtsydjzJJpr36gcHlfqR3KcXunaS8w4K7d9d2cGOh2T7B4J4YUboC3nKs-768x696.jpeg 768w\" sizes=\"auto, (max-width: 818px) 100vw, 818px\" \/><\/figure>\n\n\n\n<p class=\"has-text-align-center\">Jake et Dinos Champman, <em><a href=\"https:\/\/lesoeuvres.pinaultcollection.com\/fr\/oeuvre\/fucking-hell\">Fucking hell<\/a><\/em>, 2008 &#8211; l&#8217;apocalypse sous verre : trente mille petits squelettes de soldats nazis utilis\u00e9s pour d\u00e9montrer l\u2019absurdit\u00e9 de la Seconde Guerre Mondiale.<\/p>\n\n\n\n<p><br>D\u2019autres artistes comme Cindy Sherman (dont les projets les plus controvers\u00e9s sont <em>Sans titre<\/em> <a href=\"https:\/\/artsandculture.google.com\/asset\/untitled-250-cindy-sherman\/BQHr_O1HJ4dyMw?hl=en\">250<\/a> ou <a href=\"https:\/\/artsandculture.google.com\/asset\/untitled-263-cindy-sherman\/1QH0dVKBF3henw?hl=en\">263<\/a>) ou Robert Gligorov explorent \u00e9galement des corps transform\u00e9s, d\u00e9form\u00e9s ou inqui\u00e9tants, mais uniquement dans le cadre de la repr\u00e9sentation (photographie ou image), sans intervention directe sur leur propre corps (comme chez Orlan).<\/p>\n\n\n\n<figure class=\"wp-block-image size-full\"><img loading=\"lazy\" decoding=\"async\" width=\"225\" height=\"225\" src=\"https:\/\/anadel.fr\/wp-content\/uploads\/2026\/04\/Unknown-15.jpeg\" alt=\"\" class=\"wp-image-3134\" srcset=\"https:\/\/anadel.fr\/wp-content\/uploads\/2026\/04\/Unknown-15.jpeg 225w, https:\/\/anadel.fr\/wp-content\/uploads\/2026\/04\/Unknown-15-150x150.jpeg 150w\" sizes=\"auto, (max-width: 225px) 100vw, 225px\" \/><\/figure>\n\n\n\n<p class=\"has-text-align-center\">Robert Gligorov, <em>Orange face<\/em>, 1977, photo num\u00e9rique<\/p>\n\n\n\n<p>C\u2019est pourquoi on se doit maintenant s\u2019arr\u00eater sur Stelarc,<br>personnage dont l\u2019engagement physique est aussi radical et fascinant que celui d\u2019Orlan.<\/p>\n\n\n\n<h4 class=\"wp-block-heading\"><br>Stelarc : le d\u00e9passement du corps humain<\/h4>\n\n\n\n<p>Avec Stelarc, la r\u00e9flexion sur le corps atteint un niveau plus radical. L\u2019artiste cherche \u00e0 explorer les limites physiques et sensorielles du corps humain, notamment par l\u2019introduction d\u2019\u00e9l\u00e9ments technologiques et m\u00e9caniques. <\/p>\n\n\n\n<p>Il r\u00e9alise des exp\u00e9riences extr\u00eames comme l\u2019insertion de cam\u00e9ras dans son propre corps (estomac, poumons, colon), ou les body suspensions, o\u00f9 il est suspendu par des crochets plant\u00e9s dans la peau. Ces performances visent \u00e0 explorer de nouvelles perceptions du corps et \u00e0 d\u00e9passer ses contraintes naturelles.<br><\/p>\n\n\n\n<figure class=\"wp-block-gallery has-nested-images columns-default is-cropped wp-block-gallery-2 is-layout-flex wp-block-gallery-is-layout-flex\">\n<figure class=\"wp-block-image size-large\"><img loading=\"lazy\" decoding=\"async\" width=\"371\" height=\"576\" data-id=\"3141\" src=\"https:\/\/anadel.fr\/wp-content\/uploads\/2026\/04\/220_371.jpg\" alt=\"\" class=\"wp-image-3141\" srcset=\"https:\/\/anadel.fr\/wp-content\/uploads\/2026\/04\/220_371.jpg 371w, https:\/\/anadel.fr\/wp-content\/uploads\/2026\/04\/220_371-193x300.jpg 193w\" sizes=\"auto, (max-width: 371px) 100vw, 371px\" \/><\/figure>\n\n\n\n<figure class=\"wp-block-image size-large\"><img loading=\"lazy\" decoding=\"async\" width=\"371\" height=\"567\" data-id=\"3143\" src=\"https:\/\/anadel.fr\/wp-content\/uploads\/2026\/04\/196_371.jpg\" alt=\"\" class=\"wp-image-3143\" srcset=\"https:\/\/anadel.fr\/wp-content\/uploads\/2026\/04\/196_371.jpg 371w, https:\/\/anadel.fr\/wp-content\/uploads\/2026\/04\/196_371-196x300.jpg 196w\" sizes=\"auto, (max-width: 371px) 100vw, 371px\" \/><\/figure>\n\n\n\n<figure class=\"wp-block-image size-large\"><img loading=\"lazy\" decoding=\"async\" width=\"371\" height=\"567\" data-id=\"3142\" src=\"https:\/\/anadel.fr\/wp-content\/uploads\/2026\/04\/222_371.jpg\" alt=\"\" class=\"wp-image-3142\" srcset=\"https:\/\/anadel.fr\/wp-content\/uploads\/2026\/04\/222_371.jpg 371w, https:\/\/anadel.fr\/wp-content\/uploads\/2026\/04\/222_371-196x300.jpg 196w\" sizes=\"auto, (max-width: 371px) 100vw, 371px\" \/><\/figure>\n<\/figure>\n\n\n\n<p class=\"has-text-align-center\">Stelarc, <em>Third hand<\/em>, 1976-1981<\/p>\n\n\n\n<p>Stelarc [1946- ] d\u00e9veloppe aussi des dispositifs hybrides comme une troisi\u00e8me main artificielle, contr\u00f4l\u00e9e par les muscles du corps, ou des projets d\u2019extensions technologiques (bras virtuel, amplification des muscles, des yeux, du syst\u00e8me nerveux). Son objectif est de transformer le corps en interface avec la technologie, dans une logique d\u2019hybridation croissante. Il envisage le corps comme une structure modifiable, presque une sculpture dans l\u2019espace, et non comme une entit\u00e9 biologique fixe. Le corps devient un objet \u00e0 reconfigurer, tendant vers une forme inorganique.<\/p>\n\n\n\n<h4 class=\"wp-block-heading\"><br>Le corps comme objet et la disparition du biologique<br><\/h4>\n\n\n\n<p>Dans ces pratiques contemporaines, le corps tend \u00e0 devenir un objet manipulable, comparable aux accessoires qui l\u2019accompagnent. Cette transformation vise \u00e0 r\u00e9duire la distinction entre corps et objet, jusqu\u2019\u00e0 les rendre \u00e9quivalents. Pour cela, la douleur joue un r\u00f4le central : elle est soit neutralis\u00e9e (Orlan, gr\u00e2ce \u00e0 l\u2019anesth\u00e9sie), soit d\u00e9pass\u00e9e par l\u2019exp\u00e9rience volontaire (Stelarc, par l\u2019endurcissement physique). <\/p>\n\n\n\n<figure class=\"wp-block-gallery has-nested-images columns-default is-cropped wp-block-gallery-3 is-layout-flex wp-block-gallery-is-layout-flex\">\n<figure class=\"wp-block-image size-large\"><img loading=\"lazy\" decoding=\"async\" width=\"801\" height=\"1024\" data-id=\"3145\" src=\"https:\/\/anadel.fr\/wp-content\/uploads\/2026\/04\/3-1-801x1024.webp\" alt=\"\" class=\"wp-image-3145\" srcset=\"https:\/\/anadel.fr\/wp-content\/uploads\/2026\/04\/3-1-801x1024.webp 801w, https:\/\/anadel.fr\/wp-content\/uploads\/2026\/04\/3-1-235x300.webp 235w, https:\/\/anadel.fr\/wp-content\/uploads\/2026\/04\/3-1-768x982.webp 768w, https:\/\/anadel.fr\/wp-content\/uploads\/2026\/04\/3-1.webp 972w\" sizes=\"auto, (max-width: 801px) 100vw, 801px\" \/><\/figure>\n\n\n\n<figure class=\"wp-block-image size-large\"><img loading=\"lazy\" decoding=\"async\" width=\"500\" height=\"371\" data-id=\"3146\" src=\"https:\/\/anadel.fr\/wp-content\/uploads\/2026\/04\/2.jpeg\" alt=\"\" class=\"wp-image-3146\" srcset=\"https:\/\/anadel.fr\/wp-content\/uploads\/2026\/04\/2.jpeg 500w, https:\/\/anadel.fr\/wp-content\/uploads\/2026\/04\/2-300x223.jpeg 300w\" sizes=\"auto, (max-width: 500px) 100vw, 500px\" \/><\/figure>\n<\/figure>\n\n\n\n<p class=\"has-text-align-center\"><a href=\"https:\/\/underground-england.com\/ever-heard-of-fakir-musafar\/\">Fakir Musafar<\/a>, piercings extr\u00eames<\/p>\n\n\n\n<p>Dans les pratiques de modification corporelle (piercing, tatouage, branding), la douleur est souvent transform\u00e9e en exp\u00e9rience contr\u00f4l\u00e9e, voire en plaisir, dans une logique de d\u00e9tachement entre le corps et la conscience. Le corps est alors v\u00e9cu comme quelque chose que l\u2019on peut observer ou contr\u00f4ler, plut\u00f4t que comme une identit\u00e9 imm\u00e9diate.<br><\/p>\n\n\n\n<figure class=\"wp-block-image size-full\"><img loading=\"lazy\" decoding=\"async\" width=\"695\" height=\"655\" src=\"https:\/\/anadel.fr\/wp-content\/uploads\/2026\/04\/abramovic_03.png\" alt=\"\" class=\"wp-image-2929\" srcset=\"https:\/\/anadel.fr\/wp-content\/uploads\/2026\/04\/abramovic_03.png 695w, https:\/\/anadel.fr\/wp-content\/uploads\/2026\/04\/abramovic_03-300x283.png 300w\" sizes=\"auto, (max-width: 695px) 100vw, 695px\" \/><\/figure>\n\n\n\n<p class=\"has-text-align-center\">Marina Abramovic, <em>Rhythm  <\/em>series, 1970, performances &#8211; exp\u00e9rimentation physique directe<\/p>\n\n\n\n<h4 class=\"wp-block-heading\">Extension sociale et culturelle du corps modifi\u00e9<br><\/h4>\n\n\n\n<p>Ces pratiques artistiques ne restent pas isol\u00e9es : elles influencent progressivement la soci\u00e9t\u00e9 et la culture contemporaine. Les transformations corporelles deviennent plus visibles dans le monde social (piercing, modifications corporelles, esth\u00e9tique du corps extr\u00eame). <\/p>\n\n\n\n<p>Elles touchent aussi la danse contemporaine et les performances technologiques, o\u00f9 le corps est reli\u00e9 \u00e0 des machines ou manipul\u00e9 par des dispositifs externes, comme dans certaines chor\u00e9graphies interactives o\u00f9 le public agit directement sur le corps du performeur.<\/p>\n\n\n\n<figure class=\"wp-block-gallery has-nested-images columns-default is-cropped wp-block-gallery-4 is-layout-flex wp-block-gallery-is-layout-flex\">\n<figure class=\"wp-block-image size-large\"><img loading=\"lazy\" decoding=\"async\" width=\"200\" height=\"133\" data-id=\"3150\" src=\"https:\/\/anadel.fr\/wp-content\/uploads\/2026\/04\/e6b52ce74f001865f497ddef9c700877.jpg\" alt=\"\" class=\"wp-image-3150\"\/><\/figure>\n\n\n\n<figure class=\"wp-block-image size-large\"><img loading=\"lazy\" decoding=\"async\" width=\"200\" height=\"133\" data-id=\"3151\" src=\"https:\/\/anadel.fr\/wp-content\/uploads\/2026\/04\/278af44e977406719e188152b134b471.jpg\" alt=\"\" class=\"wp-image-3151\"\/><\/figure>\n\n\n\n<figure class=\"wp-block-image size-large\"><img loading=\"lazy\" decoding=\"async\" width=\"200\" height=\"133\" data-id=\"3152\" src=\"https:\/\/anadel.fr\/wp-content\/uploads\/2026\/04\/28013d1126e9d44ac42b4ef2a68754e4.jpg\" alt=\"\" class=\"wp-image-3152\"\/><\/figure>\n<\/figure>\n\n\n\n<p class=\"has-text-align-center\"><a href=\"https:\/\/www.marceliantunez.com\/work\/requiem\/\">Marcel\u00b7l\u00ed Ant\u00fanez Roca, <em>Requiem<\/em>, 1999<\/a><\/p>\n\n\n\n<p>Dans <em>Requiem<\/em>, Marcel\u00b7l\u00ed Ant\u00fanez Roca con\u00e7oit un exosquelette pneumatique interactif en aluminium, acier inoxydable et pistons, capable d\u2019actionner diff\u00e9rentes parties du corps (jambes, bras, m\u00e2choire, hanches). Suspendu par la t\u00eate, le dispositif fonctionne comme une sorte de corps m\u00e9canique en suspension, activ\u00e9 par les spectateurs gr\u00e2ce \u00e0 des capteurs dispos\u00e9s dans l\u2019espace d\u2019exposition. Chaque capteur d\u00e9clenche une s\u00e9quence de mouvements de complexit\u00e9 croissante, \u00e9voquant des gestes inspir\u00e9s de la marche, de la contraction ou encore de danses codifi\u00e9es comme le tai-chi ou le flamenco. Le titre Requiem, emprunt\u00e9 au genre musical fun\u00e8bre, renforce l\u2019id\u00e9e d\u2019un corps maintenu dans une forme de vie m\u00e9canique apr\u00e8s la mort, comme une sorte de sarcophage anim\u00e9. L\u2019\u0153uvre propose ainsi \u00e0 la fois une r\u00e9flexion sur la survie artificielle du corps et sur la possibilit\u00e9 de transformer ce dispositif en outil de transcription du mouvement pour la chor\u00e9graphie.<\/p>\n\n\n\n<h4 class=\"wp-block-heading\"><br>Entre art, mode et r\u00e9cup\u00e9ration esth\u00e9tique<\/h4>\n\n\n\n<p>Les repr\u00e9sentations du corps post-humain influencent \u00e9galement la mode, qui reprend ces esth\u00e9tiques extr\u00eames sous forme stylis\u00e9e (piercings simul\u00e9s, v\u00eatements inspir\u00e9s du corps modifi\u00e9, looks \u00ab destroy \u00bb ou hybrides). Des cr\u00e9ateurs comme Alexander McQueen, Jeremy Scott, Issey Miyake ou Jean Paul Gaultier int\u00e8grent ces r\u00e9f\u00e9rences dans leurs collections.<br><\/p>\n\n\n\n<figure class=\"wp-block-gallery has-nested-images columns-default is-cropped wp-block-gallery-5 is-layout-flex wp-block-gallery-is-layout-flex\">\n<figure class=\"wp-block-image size-large\"><img loading=\"lazy\" decoding=\"async\" width=\"500\" height=\"707\" data-id=\"3154\" src=\"https:\/\/anadel.fr\/wp-content\/uploads\/2026\/04\/1681973170.png\" alt=\"\" class=\"wp-image-3154\" srcset=\"https:\/\/anadel.fr\/wp-content\/uploads\/2026\/04\/1681973170.png 500w, https:\/\/anadel.fr\/wp-content\/uploads\/2026\/04\/1681973170-212x300.png 212w\" sizes=\"auto, (max-width: 500px) 100vw, 500px\" \/><\/figure>\n\n\n\n<figure class=\"wp-block-image size-large\"><img loading=\"lazy\" decoding=\"async\" width=\"500\" height=\"707\" data-id=\"3155\" src=\"https:\/\/anadel.fr\/wp-content\/uploads\/2026\/04\/1681973591.png\" alt=\"\" class=\"wp-image-3155\" srcset=\"https:\/\/anadel.fr\/wp-content\/uploads\/2026\/04\/1681973591.png 500w, https:\/\/anadel.fr\/wp-content\/uploads\/2026\/04\/1681973591-212x300.png 212w\" sizes=\"auto, (max-width: 500px) 100vw, 500px\" \/><\/figure>\n<\/figure>\n\n\n\n<p class=\"has-text-align-center\">Alexander McQueen, <em><a href=\"https:\/\/dnmade2023-ort-strasbourg.jimdofree.com\/alexander-mcqueen\/plato-s-atlantis\/\">Plato&#8217;s Atlantis<\/a><\/em>, collection printemps-\u00e9t\u00e9 (2010) pr\u00e9sente un monde dans lequel l&#8217;esp\u00e8ce humaine mute pour&nbsp;<strong>survivre aux d\u00e9g\u00e2ts caus\u00e9s par le r\u00e9chauffement climatique<\/strong>.<\/p>\n\n\n\n<p>Cependant, il s\u2019agit souvent de simulacres : la mode imite la radicalit\u00e9 du corps transform\u00e9 sans en conserver l\u2019exp\u00e9rience r\u00e9elle (notamment la douleur). Cela cr\u00e9e une fronti\u00e8re floue entre art, exp\u00e9rimentation corporelle et esth\u00e9tique commerciale.<br><\/p>\n\n\n\n<h4 class=\"wp-block-heading\">Conclusion <\/h4>\n\n\n\n<p>L\u2019ensemble de ces d\u00e9marches traduit une \u00e9volution vers une conception du corps comme objet instable, transformable et hybride. Le corps humain n\u2019est plus per\u00e7u comme une donn\u00e9e naturelle fixe, mais comme une structure modifiable, ouverte aux technologies et aux interventions artistiques. Cette transformation s\u2019accompagne d\u2019une r\u00e9flexion sur la disparition progressive de la fronti\u00e8re entre corps organique et objet inorganique, dans une logique dite post-humaine.<\/p>\n\n\n\n<h4 class=\"wp-block-heading\">Sources :<\/h4>\n\n\n\n<p>Cours histoire de l&#8217;art, Makarius, Paris 1<\/p>\n\n\n\n<hr class=\"wp-block-separator has-alpha-channel-opacity\"\/>\n\n\n\n<p>Dans une perspective historique, la question d\u2019un corps hybride, \u00e0 mi-chemin entre l\u2019humain et l\u2019animal, trouve un \u00e9cho pr\u00e9coce dans les travaux de\u00a0Charles Le Brun. <\/p>\n\n\n\n<figure class=\"wp-block-gallery has-nested-images columns-default is-cropped wp-block-gallery-6 is-layout-flex wp-block-gallery-is-layout-flex\">\n<figure class=\"wp-block-image size-large\"><img loading=\"lazy\" decoding=\"async\" width=\"500\" height=\"530\" data-id=\"3186\" src=\"https:\/\/anadel.fr\/wp-content\/uploads\/2026\/04\/duo_aigle_500-pixels.jpg\" alt=\"\" class=\"wp-image-3186\" srcset=\"https:\/\/anadel.fr\/wp-content\/uploads\/2026\/04\/duo_aigle_500-pixels.jpg 500w, https:\/\/anadel.fr\/wp-content\/uploads\/2026\/04\/duo_aigle_500-pixels-283x300.jpg 283w\" sizes=\"auto, (max-width: 500px) 100vw, 500px\" \/><\/figure>\n\n\n\n<figure class=\"wp-block-image size-large\"><img loading=\"lazy\" decoding=\"async\" width=\"500\" height=\"522\" data-id=\"3187\" src=\"https:\/\/anadel.fr\/wp-content\/uploads\/2026\/04\/duo_chat_500-pixels.jpg\" alt=\"\" class=\"wp-image-3187\" srcset=\"https:\/\/anadel.fr\/wp-content\/uploads\/2026\/04\/duo_chat_500-pixels.jpg 500w, https:\/\/anadel.fr\/wp-content\/uploads\/2026\/04\/duo_chat_500-pixels-287x300.jpg 287w\" sizes=\"auto, (max-width: 500px) 100vw, 500px\" \/><\/figure>\n<\/figure>\n\n\n\n<p class=\"has-text-align-center\">Charles Le Brun, <em>T\u00eate d&#8217;aigle, T\u00eate de chat,<\/em> 1671<\/p>\n\n\n\n<p>Le 29 mars 1671, lors d\u2019une conf\u00e9rence prononc\u00e9e \u00e0 l\u2019Acad\u00e9mie royale de peinture et de sculpture, il expose sa th\u00e9orie de la physiognomonie, selon laquelle les traits du visage r\u00e9v\u00e8lent le caract\u00e8re et les passions. \u00c0 travers ses c\u00e9l\u00e8bres \u00ab t\u00eates physiognomoniques \u00bb, Le Brun \u00e9tablit des correspondances visuelles entre expressions humaines et formes animales. <\/p>\n\n\n\n<p>Ses dessins montrent ainsi un glissement progressif : le visage humain, alt\u00e9r\u00e9 par l\u2019intensit\u00e9 des \u00e9motions, tend \u00e0 se d\u00e9former jusqu\u2019\u00e0 \u00e9voquer des figures animales, tandis que l\u2019animal, en miroir, semble acqu\u00e9rir des traits anthropomorphes. Cette oscillation entre humanisation de l\u2019animal et animalisation de l\u2019homme anticipe, d\u2019une certaine mani\u00e8re, les r\u00e9flexions contemporaines sur le post-humain, o\u00f9 les fronti\u00e8res du corps et de l\u2019identit\u00e9 se brouillent au profit de formes hybrides et mouvantes.<\/p>\n","protected":false},"excerpt":{"rendered":"<p>Orlan : le corps comme transformation technologique L\u2019\u0153uvre d\u2019Orlan repense enti\u00e8rement le corps en le pr\u00e9sentant comme une mati\u00e8re mall\u00e9able, soumise \u00e0 des transformations successives. Le corps n\u2019est plus li\u00e9 \u00e0 une identit\u00e9 fixe : il devient un processus en \u00e9volution permanente, un \u00ab work in progress \u00bb. Cette logique va \u00e0 l\u2019encontre de la&hellip; <a class=\"more-link\" href=\"https:\/\/anadel.fr\/index.php\/2026\/04\/18\/corps-en-mutation-et-post-humain\/\">Continue reading <span class=\"screen-reader-text\">Corps en mutation et post-humain<\/span><\/a><\/p>\n","protected":false},"author":1,"featured_media":0,"comment_status":"open","ping_status":"open","sticky":false,"template":"","format":"standard","meta":{"footnotes":""},"categories":[1],"tags":[],"class_list":["post-2782","post","type-post","status-publish","format-standard","hentry","category-non-classe","entry"],"_links":{"self":[{"href":"https:\/\/anadel.fr\/index.php\/wp-json\/wp\/v2\/posts\/2782","targetHints":{"allow":["GET"]}}],"collection":[{"href":"https:\/\/anadel.fr\/index.php\/wp-json\/wp\/v2\/posts"}],"about":[{"href":"https:\/\/anadel.fr\/index.php\/wp-json\/wp\/v2\/types\/post"}],"author":[{"embeddable":true,"href":"https:\/\/anadel.fr\/index.php\/wp-json\/wp\/v2\/users\/1"}],"replies":[{"embeddable":true,"href":"https:\/\/anadel.fr\/index.php\/wp-json\/wp\/v2\/comments?post=2782"}],"version-history":[{"count":34,"href":"https:\/\/anadel.fr\/index.php\/wp-json\/wp\/v2\/posts\/2782\/revisions"}],"predecessor-version":[{"id":3189,"href":"https:\/\/anadel.fr\/index.php\/wp-json\/wp\/v2\/posts\/2782\/revisions\/3189"}],"wp:attachment":[{"href":"https:\/\/anadel.fr\/index.php\/wp-json\/wp\/v2\/media?parent=2782"}],"wp:term":[{"taxonomy":"category","embeddable":true,"href":"https:\/\/anadel.fr\/index.php\/wp-json\/wp\/v2\/categories?post=2782"},{"taxonomy":"post_tag","embeddable":true,"href":"https:\/\/anadel.fr\/index.php\/wp-json\/wp\/v2\/tags?post=2782"}],"curies":[{"name":"wp","href":"https:\/\/api.w.org\/{rel}","templated":true}]}}