{"id":2895,"date":"2026-04-08T18:50:26","date_gmt":"2026-04-08T16:50:26","guid":{"rendered":"https:\/\/anadel.fr\/?p=2895"},"modified":"2026-04-08T18:53:05","modified_gmt":"2026-04-08T16:53:05","slug":"la-photographie-de-guerre-limage-de-napalm-girl","status":"publish","type":"post","link":"https:\/\/anadel.fr\/index.php\/2026\/04\/08\/la-photographie-de-guerre-limage-de-napalm-girl\/","title":{"rendered":"La photographie de guerre &#8211; l\u2019image de \u00ab Napalm Girl \u00bb"},"content":{"rendered":"\n<p>La photographie prise en 1972 et connue sous le nom de \u00ab Napalm Girl \u00bb est devenue l\u2019une des images les plus marquantes du photojournalisme de guerre. Elle a profond\u00e9ment marqu\u00e9 la sensibilit\u00e9 collective et influenc\u00e9 l\u2019\u0153uvre de nombreux artistes. <\/p>\n\n\n\n<figure class=\"wp-block-image size-large\"><img loading=\"lazy\" decoding=\"async\" width=\"1024\" height=\"687\" src=\"https:\/\/anadel.fr\/wp-content\/uploads\/2026\/04\/K52YNDWUI5FXJEJP6WFS2UF76A-1024x687.jpg\" alt=\"\" class=\"wp-image-2900\" srcset=\"https:\/\/anadel.fr\/wp-content\/uploads\/2026\/04\/K52YNDWUI5FXJEJP6WFS2UF76A-1024x687.jpg 1024w, https:\/\/anadel.fr\/wp-content\/uploads\/2026\/04\/K52YNDWUI5FXJEJP6WFS2UF76A-300x201.jpg 300w, https:\/\/anadel.fr\/wp-content\/uploads\/2026\/04\/K52YNDWUI5FXJEJP6WFS2UF76A-768x515.jpg 768w, https:\/\/anadel.fr\/wp-content\/uploads\/2026\/04\/K52YNDWUI5FXJEJP6WFS2UF76A.jpg 1440w\" sizes=\"auto, (max-width: 1024px) 100vw, 1024px\" \/><\/figure>\n\n\n\n<p class=\"has-text-align-center\"><em>Petite fille au napalm<\/em>, photo prise le 8 juin 1972 au Vietnam &#8211; attribu\u00e9e jusqu&#8217;ici au photograph am\u00e9rico-vietnamien Nick Ut<\/p>\n\n\n\n<p>Elle met face \u00e0 face deux r\u00e9alit\u00e9s oppos\u00e9es : d\u2019un c\u00f4t\u00e9 des soldats arm\u00e9s, parfois eux-m\u00eames munis d\u2019appareils photo&nbsp;et de l\u2019autre, le corps nu et vuln\u00e9rable d\u2019une jeune fille fuyant un bombardement au napalm. Ce contraste entre la m\u00e9canique militaire et la fragilit\u00e9 du corps humain donne \u00e0 l\u2019image une force \u00e9motionnelle et politique exceptionnelle. Le corps de la jeune fille, expos\u00e9 dans la douleur, devient le symbole des cons\u00e9quences directes du conflit, tandis que les soldats apparaissent comme t\u00e9moins ou acteurs de cette violence. Cette rencontre visuelle de deux mondes accentue la port\u00e9e politique de la photographie et invite \u00e0 une r\u00e9flexion critique sur la guerre, sur le regard m\u00e9diatique et sur la place des civils dans les conflits. L\u2019image agit comme un choc, \u00e9veillant la conscience collective face aux violences du conflit vietnamien.<\/p>\n\n\n\n<p>La photographie capture ainsi un instant de souffrance extr\u00eame, mais aussi une forme d\u2019humanit\u00e9. Le regard est imm\u00e9diatement attir\u00e9 par l\u2019enfant, dont la course incarne l\u2019innocence bris\u00e9e. La rencontre de ces deux mondes dans une seule image renforce la port\u00e9e critique du clich\u00e9. L\u2019image invite \u00e0 r\u00e9fl\u00e9chir sur la guerre, sur le r\u00f4le des m\u00e9dias et sur la place des civils, notamment les enfants, dans les conflits. Elle agit comme un choc collectif, contribuant \u00e0 sensibiliser l\u2019opinion publique aux horreurs de la guerre du Vietnam.<\/p>\n\n\n\n<hr class=\"wp-block-separator has-alpha-channel-opacity\"\/>\n\n\n\n<p>La sc\u00e8ne se d\u00e9roule le 8 juin 1972 dans le village de Tr\u00e0ng B\u00e0ng, au Sud-Vietnam. Ce jour-l\u00e0, un bombardement au napalm &#8211; arme chimique utilis\u00e9e comme bombe incendiaire &#8211; men\u00e9 par l\u2019aviation sud-vietnamienne vise des positions ennemies mais frappe par erreur des civils r\u00e9fugi\u00e9s dans un temple bouddhiste, \u00e0 65 km au nord de Saigon. On y voit Phan Thi Kim Ph\u00fac (ph\u00fac signifie &#8220;joie&#8221; en vietnamien), une fillette de neuf ans, courir nue en criant de douleur apr\u00e8s que ses v\u00eatements ont \u00e9t\u00e9 br\u00fbl\u00e9s. D\u2019autres enfants bless\u00e9s, ainsi que des soldats et civils affol\u00e9s, fuient \u00e9galement la sc\u00e8ne. Apr\u00e8s avoir pris la photo, le photographe interrompt son travail pour transporter la fillette \u00e0 l\u2019h\u00f4pital le plus proche. Elle survivra \u00e0 ses br\u00fblures apr\u00e8s de longues hospitalisations et des greffes de peau.<\/p>\n\n\n\n<p>Le clich\u00e9 devient rapidement mondialement c\u00e9l\u00e8bre. Il est per\u00e7u comme l\u2019illustration des souffrances inflig\u00e9es aux civils pendant la guerre, et beaucoup y voient un moment important dans la prise de conscience internationale du conflit vietnamien. La photographie re\u00e7oit plusieurs distinctions majeures : elle est nomm\u00e9e \u00ab Photo de l\u2019ann\u00e9e \u00bb par World Press Photo en 1973, et son auteur re\u00e7oit \u00e9galement le prix Pulitzer. L\u2019image cristallise \u00e0 la fois l\u2019horreur de la guerre et l\u2019innocence des victimes civiles, transformant un instant pr\u00e9cis en symbole universel contre la violence. <\/p>\n\n\n\n<p>Kim Ph\u00fac survit malgr\u00e9 ses blessures graves. Apr\u00e8s quatorze mois d\u2019hospitalisation et de nombreuses op\u00e9rations, elle peut rentrer chez elle. L\u2019image reste n\u00e9anmoins longtemps un poids pour elle, puisqu\u2019elle se sent enferm\u00e9e dans son r\u00f4le de victime. Avec le temps, elle transforme cette exp\u00e9rience en message de paix : elle s\u2019engage dans des actions humanitaires et devient une figure de r\u00e9conciliation et d\u2019espoir. <\/p>\n\n\n\n<hr class=\"wp-block-separator has-alpha-channel-opacity\"\/>\n\n\n\n<p>Plus r\u00e9cemment, une controverse est apparue autour de l\u2019attribution de la photographie. Un documentaire sorti en 2025 affirme que l\u2019image pourrait avoir \u00e9t\u00e9 prise par un photographe ind\u00e9pendant vietnamien, Nguyen Th\u00e0nh Ngh\u1ec7. Une enqu\u00eate ind\u00e9pendante \u00e9voque des \u00e9l\u00e9ments techniques et des positions sur le terrain qui remettraient en cause l\u2019attribution traditionnelle. Face \u00e0 ces doutes, l\u2019organisation World Press Photo suspend en mai 2025 l\u2019attribution officielle de l\u2019image, la consid\u00e9rant d\u00e9sormais comme non attribu\u00e9e en attendant des preuves d\u00e9finitives.<\/p>\n\n\n\n<p>De son c\u00f4t\u00e9, l\u2019agence Associated Press m\u00e8ne sa propre enqu\u00eate et affirme qu\u2019aucune preuve d\u00e9cisive ne permet d\u2019exclure l\u2019auteur initial, tout en reconnaissant certains \u00e9l\u00e9ments remettant en question la version classique. La paternit\u00e9 de la photographie reste donc d\u00e9battue, sans consensus clair.<\/p>\n\n\n\n<p>Cette controverse souligne des enjeux importants : elle montre que la m\u00e9moire collective peut reposer sur des r\u00e9cits \u00e9tablis, parfois remis en cause des d\u00e9cennies plus tard. Elle met \u00e9galement en lumi\u00e8re la place souvent invisible des photographes locaux dans les zones de conflit et les questions de reconnaissance de leur travail. Malgr\u00e9 ces d\u00e9bats, l\u2019image conserve toute sa puissance symbolique. Quelle que soit son origine exacte, elle demeure une repr\u00e9sentation tragique des effets de la guerre sur les civils et un rappel durable du pouvoir des images dans l\u2019histoire et dans la conscience collective.<\/p>\n\n\n\n<p><\/p>\n\n\n\n<p>Sources :<\/p>\n\n\n\n<p><a href=\"https:\/\/www.radiofrance.fr\/franceculture\/podcasts\/la-culture-change-le-monde\/la-petite-fille-au-napalm-de-nick-ut-une-photo-peut-elle-arreter-une-guerre-9572904\">Une photo peut-elle arr\u00eater la guerre ?<\/a><\/p>\n\n\n\n<p><a href=\"https:\/\/www.beauxarts.com\/grand-format\/le-mystere-sepaissit-derriere-la-photographie-iconique-de-la-petite-fille-au-napalm\/\">La petite fille au napalm<\/a><\/p>\n","protected":false},"excerpt":{"rendered":"<p>La photographie prise en 1972 et connue sous le nom de \u00ab Napalm Girl \u00bb est devenue l\u2019une des images les plus marquantes du photojournalisme de guerre. Elle a profond\u00e9ment marqu\u00e9 la sensibilit\u00e9 collective et influenc\u00e9 l\u2019\u0153uvre de nombreux artistes. Petite fille au napalm, photo prise le 8 juin 1972 au Vietnam &#8211; attribu\u00e9e jusqu&#8217;ici&hellip; <a class=\"more-link\" href=\"https:\/\/anadel.fr\/index.php\/2026\/04\/08\/la-photographie-de-guerre-limage-de-napalm-girl\/\">Continue reading <span class=\"screen-reader-text\">La photographie de guerre &#8211; l\u2019image de \u00ab Napalm Girl \u00bb<\/span><\/a><\/p>\n","protected":false},"author":1,"featured_media":0,"comment_status":"open","ping_status":"open","sticky":false,"template":"","format":"standard","meta":{"footnotes":""},"categories":[1],"tags":[],"class_list":["post-2895","post","type-post","status-publish","format-standard","hentry","category-non-classe","entry"],"_links":{"self":[{"href":"https:\/\/anadel.fr\/index.php\/wp-json\/wp\/v2\/posts\/2895","targetHints":{"allow":["GET"]}}],"collection":[{"href":"https:\/\/anadel.fr\/index.php\/wp-json\/wp\/v2\/posts"}],"about":[{"href":"https:\/\/anadel.fr\/index.php\/wp-json\/wp\/v2\/types\/post"}],"author":[{"embeddable":true,"href":"https:\/\/anadel.fr\/index.php\/wp-json\/wp\/v2\/users\/1"}],"replies":[{"embeddable":true,"href":"https:\/\/anadel.fr\/index.php\/wp-json\/wp\/v2\/comments?post=2895"}],"version-history":[{"count":9,"href":"https:\/\/anadel.fr\/index.php\/wp-json\/wp\/v2\/posts\/2895\/revisions"}],"predecessor-version":[{"id":2905,"href":"https:\/\/anadel.fr\/index.php\/wp-json\/wp\/v2\/posts\/2895\/revisions\/2905"}],"wp:attachment":[{"href":"https:\/\/anadel.fr\/index.php\/wp-json\/wp\/v2\/media?parent=2895"}],"wp:term":[{"taxonomy":"category","embeddable":true,"href":"https:\/\/anadel.fr\/index.php\/wp-json\/wp\/v2\/categories?post=2895"},{"taxonomy":"post_tag","embeddable":true,"href":"https:\/\/anadel.fr\/index.php\/wp-json\/wp\/v2\/tags?post=2895"}],"curies":[{"name":"wp","href":"https:\/\/api.w.org\/{rel}","templated":true}]}}