{"id":3025,"date":"2026-04-17T22:09:25","date_gmt":"2026-04-17T20:09:25","guid":{"rendered":"https:\/\/anadel.fr\/?p=3025"},"modified":"2026-04-18T22:05:37","modified_gmt":"2026-04-18T20:05:37","slug":"anish-kapoor","status":"publish","type":"post","link":"https:\/\/anadel.fr\/index.php\/2026\/04\/17\/anish-kapoor\/","title":{"rendered":"Anish Kapoor"},"content":{"rendered":"\n<h3 class=\"wp-block-heading\">sculpter l\u2019espace et la perception<\/h3>\n\n\n\n<p>Anish Kapoor est l\u2019un des sculpteurs contemporains les plus influents de sa g\u00e9n\u00e9ration. N\u00e9 \u00e0 Mumbai en 1954 et form\u00e9 \u00e0 Londres, il d\u00e9veloppe une \u0153uvre \u00e0 la crois\u00e9e de plusieurs cultures, m\u00ealant spiritualit\u00e9 orientale et langage de l\u2019art contemporain occidental. Depuis plusieurs d\u00e9cennies, il explore les relations entre mati\u00e8re, forme et perception, en cr\u00e9ant des sculptures souvent monumentales qui bouleversent notre rapport \u00e0 l\u2019espace. R\u00e9compens\u00e9 notamment par le Turner Prize en 1991, Kapoor s\u2019impose par sa capacit\u00e9 \u00e0 renouveler la sculpture contemporaine. <\/p>\n\n\n\n<p>Ses \u0153uvres, qu\u2019elles soient install\u00e9es dans des mus\u00e9es ou dans l\u2019espace public &#8211; comme le c\u00e9l\u00e8bre <em>Cloud Gate<\/em> \u00e0 Chicago &#8211; fascinent par leur \u00e9chelle, leur simplicit\u00e9 apparente et leur puissance sensorielle. Son travail vise moins \u00e0 repr\u00e9senter qu\u2019\u00e0 faire vivre une exp\u00e9rience, en mobilisant le corps et les sens du spectateur.<br>Au c\u0153ur de sa d\u00e9marche se trouvent des notions fondamentales : le sublime, l\u2019espace comme entit\u00e9 philosophique, et la capacit\u00e9 de l\u2019art \u00e0 provoquer une exp\u00e9rience \u00e0 la fois physique et mentale. Kapoor cherche \u00e0 cr\u00e9er des formes qui semblent \u00e9merger d\u2019elles-m\u00eames, comme si elles \u00e9taient g\u00e9n\u00e9r\u00e9es par une \u00e9nergie propre, ind\u00e9pendante de la main de l\u2019artiste.<\/p>\n\n\n\n<h4 class=\"wp-block-heading\">Leviathan : une immersion monumentale au c\u0153ur du corps et du mythe<\/h4>\n\n\n\n<p>Leviathan, pr\u00e9sent\u00e9e en 2011 dans le cadre de <em>Monumenta<\/em> au Grand Palais, constitue une des \u0153uvres les plus spectaculaires de Kapoor. <\/p>\n\n\n\n<figure class=\"wp-block-image size-large\"><img loading=\"lazy\" decoding=\"async\" width=\"1024\" height=\"700\" src=\"https:\/\/anadel.fr\/wp-content\/uploads\/2026\/04\/Leviathan-1024x700.jpg\" alt=\"\" class=\"wp-image-3028\" srcset=\"https:\/\/anadel.fr\/wp-content\/uploads\/2026\/04\/Leviathan-1024x700.jpg 1024w, https:\/\/anadel.fr\/wp-content\/uploads\/2026\/04\/Leviathan-300x205.jpg 300w, https:\/\/anadel.fr\/wp-content\/uploads\/2026\/04\/Leviathan-768x525.jpg 768w, https:\/\/anadel.fr\/wp-content\/uploads\/2026\/04\/Leviathan.jpg 1462w\" sizes=\"auto, (max-width: 1024px) 100vw, 1024px\" \/><\/figure>\n\n\n\n<p class=\"has-text-align-center\">Anish Kapoor<em>, Leviathan, <\/em>PVC, 33,6 x 99,89 x 72,23 m, 2011,<\/p>\n\n\n\n<p class=\"has-text-align-center\">Monumenta, Grand Palais.<\/p>\n\n\n\n<p>Cette installation gigantesque prend la forme d\u2019une structure gonflable compos\u00e9e de trois volumes sph\u00e9riques rouges, qui envahissent litt\u00e9ralement l\u2019espace de la nef. Par son \u00e9chelle monumentale, Leviathan instaure une relation physique intense avec le spectateur : celui-ci peut circuler autour de la sculpture, mais aussi p\u00e9n\u00e9trer \u00e0 l\u2019int\u00e9rieur. Kapoor joue ici sur une double sensation, entre domination et absorption : face \u00e0 l\u2019immensit\u00e9 de l\u2019\u0153uvre, le corps humain para\u00eet minuscule, presque englouti, tout en \u00e9tant invit\u00e9 \u00e0 s\u2019immerger dans cet espace. <\/p>\n\n\n\n<figure class=\"wp-block-image size-full\"><img loading=\"lazy\" decoding=\"async\" width=\"652\" height=\"435\" src=\"https:\/\/anadel.fr\/wp-content\/uploads\/2026\/04\/leviathan-rendering-4-90d17c9798850f1813481d9f53d6d510.jpg\" alt=\"\" class=\"wp-image-3029\" srcset=\"https:\/\/anadel.fr\/wp-content\/uploads\/2026\/04\/leviathan-rendering-4-90d17c9798850f1813481d9f53d6d510.jpg 652w, https:\/\/anadel.fr\/wp-content\/uploads\/2026\/04\/leviathan-rendering-4-90d17c9798850f1813481d9f53d6d510-300x200.jpg 300w\" sizes=\"auto, (max-width: 652px) 100vw, 652px\" \/><\/figure>\n\n\n\n<p>L\u2019int\u00e9rieur de la structure offre une exp\u00e9rience sensorielle totale. Satur\u00e9 de rouge, baign\u00e9 d\u2019une lumi\u00e8re diffuse, cet espace modifie profond\u00e9ment la perception : les rep\u00e8res spatiaux se brouillent, les sons se transforment, la lumi\u00e8re devient mati\u00e8re. Cette immersion \u00e9voque une exp\u00e9rience originelle, proche de celle d\u2019un f\u0153tus dans le ventre maternel. La forme enveloppante et organique de l\u2019\u0153uvre renvoie explicitement \u00e0 cette id\u00e9e de matrice, de lieu de gestation et de naissance.<br><\/p>\n\n\n\n<figure class=\"wp-block-image size-full\"><img loading=\"lazy\" decoding=\"async\" width=\"570\" height=\"380\" src=\"https:\/\/anadel.fr\/wp-content\/uploads\/2026\/04\/e-02-monumenta2011-anish-kapoor_leviathan_light1.jpg\" alt=\"\" class=\"wp-image-3031\" srcset=\"https:\/\/anadel.fr\/wp-content\/uploads\/2026\/04\/e-02-monumenta2011-anish-kapoor_leviathan_light1.jpg 570w, https:\/\/anadel.fr\/wp-content\/uploads\/2026\/04\/e-02-monumenta2011-anish-kapoor_leviathan_light1-300x200.jpg 300w\" sizes=\"auto, (max-width: 570px) 100vw, 570px\" \/><\/figure>\n\n\n\n<p>Le titre Leviathan renforce cette dimension symbolique. Il fait r\u00e9f\u00e9rence \u00e0 une cr\u00e9ature mythique de l\u2019Ancien Testament, figure du chaos primordial et de la puissance originelle. Chez Kapoor, cette r\u00e9f\u00e9rence se double d\u2019une lecture plus organique : le monstre biblique devient aussi une m\u00e9taphore du corps, et plus particuli\u00e8rement du corps f\u00e9minin comme source de vie. La rondeur des formes et leur caract\u00e8re enveloppant rappellent le ventre maternel, arch\u00e9type universel que l\u2019on peut rapprocher de figures anciennes comme la V\u00e9nus de Willendorf.<br><\/p>\n\n\n\n<figure class=\"wp-block-image size-full\"><img loading=\"lazy\" decoding=\"async\" width=\"1024\" height=\"681\" src=\"https:\/\/anadel.fr\/wp-content\/uploads\/2026\/04\/5833664762_eb6ec4622f_b.jpg\" alt=\"\" class=\"wp-image-3033\" srcset=\"https:\/\/anadel.fr\/wp-content\/uploads\/2026\/04\/5833664762_eb6ec4622f_b.jpg 1024w, https:\/\/anadel.fr\/wp-content\/uploads\/2026\/04\/5833664762_eb6ec4622f_b-300x200.jpg 300w, https:\/\/anadel.fr\/wp-content\/uploads\/2026\/04\/5833664762_eb6ec4622f_b-768x511.jpg 768w\" sizes=\"auto, (max-width: 1024px) 100vw, 1024px\" \/><\/figure>\n\n\n\n<p>Cette \u0153uvre s\u2019inscrit ainsi dans une r\u00e9flexion plus large sur le corps, l\u2019origine et la m\u00e9moire. \u00c0 l\u2019image du travail de Christian Boltanski, notamment dans ses installations monumentales, Kapoor interroge la pr\u00e9sence humaine \u00e0 travers des dispositifs immersifs qui convoquent \u00e0 la fois le sensible et le symbolique.<br><\/p>\n\n\n\n<p>Par ailleurs, Kapoor accorde une importance essentielle \u00e0 la relation entre l\u2019\u0153uvre et son environnement. Dans Leviathan, la sculpture ne se contente pas d\u2019occuper l\u2019espace du Grand Palais : elle semble en dialoguer de mani\u00e8re organique, comme si elle s\u2019y \u00e9tait d\u00e9velopp\u00e9e naturellement. Cette relation osmotique entre le lieu et la forme renforce l\u2019impression que l\u2019\u0153uvre d\u00e9passe toute intention purement formelle pour devenir une exp\u00e9rience totale.<br><\/p>\n\n\n\n<p>Enfin, <em>Leviathan<\/em> illustre pleinement l\u2019ambition de Kapoor : utiliser des moyens strictement physiques pour produire une exp\u00e9rience philosophique. L\u2019\u0153uvre mobilise \u00e0 la fois l\u2019imaginaire &#8211; par ses r\u00e9f\u00e9rences mythiques -, le corps &#8211; par son immersion sensorielle &#8211; et la pens\u00e9e &#8211; en questionnant notre rapport \u00e0 l\u2019origine, \u00e0 la perception et \u00e0 notre propre existence. Ainsi, en m\u00ealant monumentalit\u00e9, mythe et exp\u00e9rience sensorielle, Leviathan propose une relecture profond\u00e9ment po\u00e9tique de la naissance et de la condition humaine. L\u2019\u0153uvre ram\u00e8ne le spectateur \u00e0 une exp\u00e9rience archa\u00efque et universelle, o\u00f9 le corps retrouve son lien fondamental avec la vie, dans un espace \u00e0 la fois concret et presque transcendant.<\/p>\n","protected":false},"excerpt":{"rendered":"<p>sculpter l\u2019espace et la perception Anish Kapoor est l\u2019un des sculpteurs contemporains les plus influents de sa g\u00e9n\u00e9ration. N\u00e9 \u00e0 Mumbai en 1954 et form\u00e9 \u00e0 Londres, il d\u00e9veloppe une \u0153uvre \u00e0 la crois\u00e9e de plusieurs cultures, m\u00ealant spiritualit\u00e9 orientale et langage de l\u2019art contemporain occidental. Depuis plusieurs d\u00e9cennies, il explore les relations entre mati\u00e8re,&hellip; <a class=\"more-link\" href=\"https:\/\/anadel.fr\/index.php\/2026\/04\/17\/anish-kapoor\/\">Continue reading <span class=\"screen-reader-text\">Anish Kapoor<\/span><\/a><\/p>\n","protected":false},"author":1,"featured_media":0,"comment_status":"open","ping_status":"open","sticky":false,"template":"","format":"standard","meta":{"footnotes":""},"categories":[1],"tags":[],"class_list":["post-3025","post","type-post","status-publish","format-standard","hentry","category-non-classe","entry"],"_links":{"self":[{"href":"https:\/\/anadel.fr\/index.php\/wp-json\/wp\/v2\/posts\/3025","targetHints":{"allow":["GET"]}}],"collection":[{"href":"https:\/\/anadel.fr\/index.php\/wp-json\/wp\/v2\/posts"}],"about":[{"href":"https:\/\/anadel.fr\/index.php\/wp-json\/wp\/v2\/types\/post"}],"author":[{"embeddable":true,"href":"https:\/\/anadel.fr\/index.php\/wp-json\/wp\/v2\/users\/1"}],"replies":[{"embeddable":true,"href":"https:\/\/anadel.fr\/index.php\/wp-json\/wp\/v2\/comments?post=3025"}],"version-history":[{"count":7,"href":"https:\/\/anadel.fr\/index.php\/wp-json\/wp\/v2\/posts\/3025\/revisions"}],"predecessor-version":[{"id":3274,"href":"https:\/\/anadel.fr\/index.php\/wp-json\/wp\/v2\/posts\/3025\/revisions\/3274"}],"wp:attachment":[{"href":"https:\/\/anadel.fr\/index.php\/wp-json\/wp\/v2\/media?parent=3025"}],"wp:term":[{"taxonomy":"category","embeddable":true,"href":"https:\/\/anadel.fr\/index.php\/wp-json\/wp\/v2\/categories?post=3025"},{"taxonomy":"post_tag","embeddable":true,"href":"https:\/\/anadel.fr\/index.php\/wp-json\/wp\/v2\/tags?post=3025"}],"curies":[{"name":"wp","href":"https:\/\/api.w.org\/{rel}","templated":true}]}}