{"id":3176,"date":"2026-04-18T21:49:17","date_gmt":"2026-04-18T19:49:17","guid":{"rendered":"https:\/\/anadel.fr\/?p=3176"},"modified":"2026-04-18T21:54:03","modified_gmt":"2026-04-18T19:54:03","slug":"corps-meta-physique-au-dela-du-corps-visible","status":"publish","type":"post","link":"https:\/\/anadel.fr\/index.php\/2026\/04\/18\/corps-meta-physique-au-dela-du-corps-visible\/","title":{"rendered":"Corps m\u00e9ta-physique &#8211; au del\u00e0 du corps visible"},"content":{"rendered":"\n<p>Ce chapitre rassemble des artistes pour lesquels le corps ne se pr\u00e9sente plus comme une pr\u00e9sence directe, mat\u00e9rielle ou technologique, mais comme une\u00a0trace, une disparition, une m\u00e9moire ou une construction mentale<strong>.<\/strong> Le corps n\u2019est plus donn\u00e9 dans sa totalit\u00e9 visible : il est \u00e9voqu\u00e9, fragment\u00e9, recompos\u00e9 ou m\u00eame effac\u00e9. Il devient une\u00a0question existentielle et politique, li\u00e9e \u00e0 la m\u00e9moire, \u00e0 la perte et \u00e0 l\u2019absence.<\/p>\n\n\n\n<p>Saville et Szapocznikow ouvrent ce chapitre en montrant que la transformation du corps ne passe pas seulement par sa disparition, mais d\u2019abord par sa d\u00e9stabilisation : il cesse d\u2019\u00eatre une forme unifi\u00e9e pour devenir mati\u00e8re excessive ou fragment\u00e9e, amor\u00e7ant ainsi son passage vers un statut m\u00e9ta-physique.<\/p>\n\n\n\n<h4 class=\"wp-block-heading\"><strong>Jenny Saville \/ Alina Szapocznikow : le corps-chair et fragment\u00e9<\/strong><\/h4>\n\n\n\n<figure class=\"wp-block-gallery has-nested-images columns-default is-cropped wp-block-gallery-1 is-layout-flex wp-block-gallery-is-layout-flex\">\n<figure class=\"wp-block-image\"><img decoding=\"async\" src=\"https:\/\/images.openai.com\/static-rsc-4\/mZT2YfNGY3iNgrXgk2PgUK1I0hgUEll1VwEsB3-CNnPYXkIrnKPPhBxBQ8zPgr1SRx4wQ3hYy9wMsea04LutUoG7Dl_Y_CjuU5paPQ1LI1IClLyU5nBGUrnlK9-Oum4WHD8OT_5AgL3BUUqxgZP_KAV8m8jyhz_I689DYpRY66M?purpose=inline\" alt=\"https:\/\/images.openai.com\/static-rsc-4\/Q_35eEJxGFja0Eepz59xoOCrsBwd0SHed0bfx6PkfIWrlV0UTpGTG_0eIvwNYhwYilBeF7NJupto0O3XQ-cwvHSL5tEM7JPnD3SYenGdOi1eLer6MUbep6bqtNQEsws99bSWJPijHV2_C-YlPJziejzzlowtZKBPID-6ketPtd9FS1p6i98-FjVtDNKf27ij?purpose=fullsize\"\/><\/figure>\n\n\n\n<figure class=\"wp-block-image\"><img decoding=\"async\" src=\"https:\/\/images.openai.com\/static-rsc-4\/aKOXZzCwL-ycABszzW0ezaEho_GcepT4IsavsgjRU7_3o5kAcAq47sUxP_KrWb0SO_DiszxG8KAWgRDNU0_Et61HL0BPnFwd51R3d3EWFYfebWymRLwlO70W9_5qcbbtTsWfnrbSDDfiBXPrhpF4j5scQ9OGGUqpumko9Re-YWk?purpose=inline\" alt=\"https:\/\/images.openai.com\/static-rsc-4\/DFKvlg2WTdHkiLjuVipi_Ncgqmd_RBUnikA7ssNm7vS8ozsX7rE2kDhuvFTUik5-nfyxEAR7bWDH7h1vyukRJ3wGKPuh9-Qk_3rRkrsg3byC6IYATKUCnwnX9xY1JwwtvVy7oRa6LSnQFEkIiZaiz9uM6YZMzh8Yh-e_gkyRKPDpIoqd3Rjaw-vKNvw0Msw4?purpose=fullsize\"\/><\/figure>\n\n\n\n<figure class=\"wp-block-image\"><img decoding=\"async\" src=\"https:\/\/images.openai.com\/static-rsc-4\/btr6gUTr6c487VgNOGSTfZNtnuzxc4ftDp1PxAIYglHYtXKZGf2lNK0isVUaNyvEcVvDwJVjUfmi0bRAJ-H-ncX6fwXSFNKk7NNw2pnO_t3ziDLyPhffTuGADvItcjMfDHhqjmopj_rYs_YSdumqlC0-gV3UAzQTM7sTSXV_u8E?purpose=inline\" alt=\"https:\/\/images.openai.com\/static-rsc-4\/xX4WOPcxwwsulGqLkJyVOFR9KUuqmCcEFuDj_8Yiu8DSQKarNFHoDHj_3W_5qvxLa5oyr-VBy8hDy9_QvPv7yokfpdG901fzb_-K332ky7-Hh9z0x_gBbT9o_lcdmPcxR0M5qP9adGHmzAz5ellJRmMTw88_lMzlY3SC1qNFxmtKcWoabBORcUiV5PzWoPbD?purpose=fullsize\"\/><\/figure>\n<\/figure>\n\n\n\n<p>Chez\u00a0Jenny Saville, le corps est repr\u00e9sent\u00e9 dans une mat\u00e9rialit\u00e9 brute, presque excessive. Les chairs sont massives, d\u00e9form\u00e9es, parfois \u00e9cras\u00e9es par la peinture elle-m\u00eame. Le corps n\u2019est plus id\u00e9al ni harmonieux : il devient une\u00a0pr\u00e9sence instable, oscillant entre attraction et r\u00e9pulsion. La peinture insiste sur la densit\u00e9 de la chair, comme si le corps r\u00e9sistait \u00e0 toute forme de lecture stable.<\/p>\n\n\n\n<p>Chez\u00a0Alina Szapocznikow, le corps est au contraire\u00a0fragment\u00e9 et morcel\u00e9. Elle r\u00e9alise des moulages de parties isol\u00e9es &#8211; l\u00e8vres, seins, jambes &#8211; souvent transform\u00e9s en objets sculpturaux autonomes. Le corps n\u2019est plus une totalit\u00e9 coh\u00e9rente, mais une s\u00e9rie de fragments, comme si l\u2019identit\u00e9 corporelle se d\u00e9sagr\u00e9geait en souvenirs mat\u00e9riels.<\/p>\n\n\n\n<p>Le corps devient soit mati\u00e8re instable et excessive (Saville), soit\u00a0reste fragmentaire et m\u00e9moriel (Szapocznikow).<\/p>\n\n\n\n<h3 class=\"wp-block-heading\"><strong>Christian Boltanski : le corps absent<\/strong> et l&#8217;irrepr\u00e9sentable<\/h3>\n\n\n\n<figure class=\"wp-block-gallery has-nested-images columns-default is-cropped wp-block-gallery-2 is-layout-flex wp-block-gallery-is-layout-flex\">\n<figure class=\"wp-block-image\"><img decoding=\"async\" src=\"https:\/\/images.openai.com\/static-rsc-4\/PFiV88owIfgbNtdQ962RGDi6ENadnEjRaWJ9EGSnkR0xfbxwjOrWqFls8_u0wlGh1X7EQ3Kulpyqy15Zpf3MsVFHM5H5mHgwXVsAVO8tGSZYc7643hVreg8pR-cwrWDx30fbEL_G7J0WFlxe5f7OjKNEjtgKMe83WgU43Vzo6lw?purpose=inline\" alt=\"https:\/\/images.openai.com\/static-rsc-4\/oY5s_O_FgtAq8bXLMLKpuJd82y4p1mxdEqqXfaixgoMBiNNoyGW5UahFyhcaNuYu2VPhV_idOvgWlCgy5ffLecCkDCHVTy2bbaVIjVtbey0AT3Iy135oxDPuXqJXRemcKR4dNcmDLSt-yenVFWB-e1FL4J_eZ3IjAfIw2nMoWVB_Hg8SNY-swQGYASalx7Qm?purpose=fullsize\"\/><\/figure>\n\n\n\n<figure class=\"wp-block-image\"><img decoding=\"async\" src=\"https:\/\/images.openai.com\/static-rsc-4\/OJMj0rKS_bZKdUfMpklXP41MuzHkRMMFNWblOeXNkPx3NOvk6dpW3AgY94AueFJDcut0flTZvFmrFTLbOxzcJV35KJzgJVzF4WDVd0vQPcsDl_tUhEu9TBnOT3uvOgagzGLQYFm85wTQ4DHLLlpuWmJKYceHsqqJ-AIdf7nTXME?purpose=inline\" alt=\"https:\/\/images.openai.com\/static-rsc-4\/vDS9_AZZDrz33cu_Flyi6cwINU4capeWhkptZ0CFGYjR7-bZYImNO88CO5AWL6o3O-1MOJ0KlgPikbp1osxI5SJw0DZtP3d5Zw9ev-5nGZ32KUM1n2NQLwKZtN5VYhyrrl2Zq6l48guefrvNDlBrwZ5O0qXF0z7JLWvm6bTN7bwpSsw1sGdGqu7otARPr9Qy?purpose=fullsize\"\/><\/figure>\n\n\n\n<figure class=\"wp-block-image\"><img decoding=\"async\" src=\"https:\/\/images.openai.com\/static-rsc-4\/NknutSClGGUu4xAfU__0ieVsHNE0-8EKMPOoaKJjMvok-4ZjGlIUOaJSPu6kYJHlcaADu9-uxcWp855zHp-WIi6MD_sjc2SiNSOtWcCFjKLnENrWwYBKju45ZOEDwdsfiBWxia_jkLuR43T44RysGeHKxiN_x_x-qfwsFAvU2o8?purpose=inline\" alt=\"https:\/\/images.openai.com\/static-rsc-4\/YLBH-PXFGrlQTIw_5WT-UCrz3vNG2XqKlqaVa-sNPknp1eCeNMLTO1ewczVrgcLCLLx3J29tMc8vWYsATJ_1OQVNvwrC_39QA-H5supzoLRSXm6iwtjAKM2k-e9DP5hYkkTUkAdRKdFfU0cRzMHRtc4B1fASYpoAuQnnLsGIc-ZpHOV7JXBzVXWIFSYaFGMC?purpose=fullsize\"\/><\/figure>\n<\/figure>\n\n\n\n<p>Chez\u00a0Christian Boltanski, le corps est presque enti\u00e8rement absent. Il n\u2019est plus repr\u00e9sent\u00e9 directement, mais sugg\u00e9r\u00e9 par des\u00a0<em>traces anonymes\u00a0<\/em>: v\u00eatements empil\u00e9s, photographies floues, bo\u00eetes d\u2019archives, objets personnels.<\/p>\n\n\n\n<p>Ces \u00e9l\u00e9ments fonctionnent comme des indices d\u2019une pr\u00e9sence disparue. L\u2019\u0153uvre s\u2019organise autour de la\u00a0<em>m\u00e9moire, de la disparition et du deuil<\/em>, souvent en lien avec les traumatismes historiques (notamment la Shoah). Le spectateur est confront\u00e9 \u00e0 une pr\u00e9sence humaine reconstruite uniquement par des fragments.<\/p>\n\n\n\n<p>Le corps n\u2019est plus visible, mais\u00a0<em>existe \u00e0 travers ses traces et sa m\u00e9moire mat\u00e9rielle.<\/em> (voir article sur <a href=\"https:\/\/anadel.fr\/index.php\/2026\/04\/18\/christian-boltanski\/\">Christian Boltanski<\/a>)<\/p>\n\n\n\n<h3 class=\"wp-block-heading\"><strong>F\u00e9lix Gonz\u00e1lez-Torres \/ Tadeusz Kantor : corps comme disparition et fragilit\u00e9<\/strong><\/h3>\n\n\n\n<figure class=\"wp-block-gallery has-nested-images columns-default is-cropped wp-block-gallery-3 is-layout-flex wp-block-gallery-is-layout-flex\">\n<figure class=\"wp-block-image\"><img decoding=\"async\" src=\"https:\/\/images.openai.com\/static-rsc-4\/dkfAH_WVwntDGLrNwGzdetbpNpeNKp-Tg2KsYIC46qZ50-MTF6ZzIyHNtvTVLunsLas7rGQGTFdconyOdaiR7A7Ng6ALRxHAsbPEIAAnqZQsD3zQtBe1CVoDqpch0-4UTH2qTm1zEahSg7TIDVopL2zxZXduDanhLKekpSb4J94?purpose=inline\" alt=\"https:\/\/images.openai.com\/static-rsc-4\/sNTCGklffbczcDkZLYA901JcvlbeuE4TfUmZk9nsPHVD289It6OQbzWzeW8wTt7zXNXqdG_o_ugoYkygkN2AydNBg4xwyQKx2MloYkHC5IZlTxLBBuMO94BNRrxfp4jo7AGu12Vxi7c9zP60CM8gQRW86NT0HENfAwTJT0-hEh88hrevGUJJyKYz-8aok0Ov?purpose=fullsize\"\/><\/figure>\n\n\n\n<figure class=\"wp-block-image\"><img decoding=\"async\" src=\"https:\/\/images.openai.com\/static-rsc-4\/HXk8mmvA09oTQKx6ECka3Da1-zJ08k19H2IJ0EOPSAzP60RMlRCc0JaS3qUlnAlrUl4HZL2g13OvozherzIbFsurqIX312xJALYMLThyxz-Hd5_3QH-wE2ZXMBtUeYfiuDmmIb0xwSswclvfoM1qwrfItAuEVgLbWJYAgnYzm8Q?purpose=inline\" alt=\"https:\/\/images.openai.com\/static-rsc-4\/sbK5F7QJmRw77Uvct-fppwp3ieNH1VKuyAenmO4vEM8OffcvfjfsmEY9mpYCioY86jrDZhmIL0j1f3zcXD-4rtzVSct5nyk2VAvrSPEB-VZ4IAwEwovcuV2Lepv7zdEs1juWXBop9hBPWFBHV0dHiBYq6jKJfIfENJ595A8MnEhe6j-h3t9xcT7jcGQHYMfa?purpose=fullsize\"\/><\/figure>\n\n\n\n<figure class=\"wp-block-image\"><img decoding=\"async\" src=\"https:\/\/images.openai.com\/static-rsc-4\/VJD2qpIqX3-e83SwNfGXldgRLcAz6yYg59ZpRqUxMrtBzcjPfeRQjN_bSi4wtKZzC7Gs5hujquLHDWY9lD2HgtoTUYFoqfDCzoc5rId2VP1ds0oFyIpd5rJuyiUgq88GmCxRo9h0e7IvhP7sLAFXWm7q1PyIYUwfkzPOinma968?purpose=inline\" alt=\"https:\/\/images.openai.com\/static-rsc-4\/Utnu0HTYqTlfmlmrF3ml8-mKg_zVkoisr4dg2ZsXjSt8YFIa_J298Z6wjBXO3OYY-gccXEupvTQzSAWyyZZnoy7g_4Fi78rlgBD_ILN16Ky-8AbuOTdaQbHKaagF1d83BMf-zLK_zqJKDwkMlOjYybEp_9E_T7VBE6RUY62fTEC0uHsyzC-jMNspIORt0of6?purpose=fullsize\"\/><\/figure>\n<\/figure>\n\n\n\n<ol class=\"wp-block-list\">\n<li>Felix Gonz\u00e1lez-Torres, Untitled (Portrait of Ross) ; 2. <em>Untitled (Billboard of an Empty Bed)<\/em>; 3. Tadeusz Kantor, <em>La classe morte <\/em>(pi\u00e8ce de th\u00e9\u00e2tre)<\/li>\n<\/ol>\n\n\n\n<p>Chez\u00a0F\u00e9lix Gonz\u00e1lez-Torres [1957-1996], le corps est traduit par des dispositifs minimalistes et participatifs : amas de bonbons que le public peut emporter, lits vides, horloges synchronis\u00e9es. Ces \u0153uvres \u00e9voquent la perte, notamment celle li\u00e9e au sida, dont il a \u00e9t\u00e9 directement affect\u00e9. Le corps devient\u00a0dispers\u00e9, consommable et en constante disparition.<\/p>\n\n\n\n<p>Chez\u00a0<a href=\"https:\/\/fr.wikipedia.org\/wiki\/Tadeusz_Kantor\">Tadeusz Kantor<\/a> [1915-1990], les corps sont remplac\u00e9s par des mannequins, des figures inertes ou des doubles m\u00e9caniques. Le corps vivant est remplac\u00e9 par son substitut mortif\u00e8re, accentuant une esth\u00e9tique de la\u00a0m\u00e9moire traumatique et de l\u2019absence irr\u00e9versible.<\/p>\n\n\n\n<p>Le corps devient soit\u00a0disparu dans le partage et la consommation (Gonz\u00e1lez-Torres), soit\u00a0fig\u00e9 dans une pr\u00e9sence morte ou artificielle (Kantor). (voir l&#8217;article sur<a href=\"https:\/\/anadel.fr\/index.php\/2026\/04\/18\/felix-gonzalez-torres\/\"> F\u00e9lix Gonz\u00e1lez-Torres<\/a>) <\/p>\n\n\n\n<h3 class=\"wp-block-heading\"><strong>Ai Weiwei : le corps politique fragment\u00e9<\/strong><\/h3>\n\n\n\n<figure class=\"wp-block-gallery has-nested-images columns-default is-cropped wp-block-gallery-4 is-layout-flex wp-block-gallery-is-layout-flex\">\n<figure class=\"wp-block-image\"><img decoding=\"async\" src=\"https:\/\/images.openai.com\/static-rsc-4\/3w-jkQjxa-LtMEDrWm867ABgCPvTZrGy5nT-XYBM4q6PhpYUEDyqPhiuLIjhydHSf4tPNBodKwfDpR1oFpA0SpTlL8vuv7QYjLUgANpblMsdNzKWtQdwXzT9B7xrnQFl6IyXB8-fKVAaMmD0Gbh3Tgqb65UQu-zhKJ2Hvf_djN0Cci8a8TsHDDHBBWaghrQ4?purpose=inline\" alt=\"https:\/\/images.openai.com\/static-rsc-4\/9GfnoCSNcP29VvGCar9Si8M_hjlRM4_-ac1zjPY6iYhfMlBaycTNZiWw-C9BPAIXT547fbnjHBPqM94vPIzQ29npAQxgOR3oxn8SmyuA86KdsMY2RpGmbVzK2CZnhxWhhm4Aw7YoWCs8ZeXxzIC4gT1IurcoH3nj745mACZiKCeQx24v4r4ZYOTpyTGLjPf5?purpose=fullsize\"\/><\/figure>\n\n\n\n<figure class=\"wp-block-image\"><img decoding=\"async\" src=\"https:\/\/images.openai.com\/static-rsc-4\/L4ahWQ-obTr5bkKB3osGTzcd9j5zsw3DJeJFebpYyJulAd_PoE-C69hIPmYbDASjcUiKPNi8iIskqc5xryeH-xXD-UkGrza4tpDU-_K3Gbk0eBX4PyV5uKjeF-ma4YO4zvtwvX6Qpf-uZAKcEyVR689U2m8SL0BMJOl3B-vkkHQ?purpose=inline\" alt=\"https:\/\/images.openai.com\/static-rsc-4\/GxueDZG4jX3v6pxebe5y5RenN2rvrjKJPhuzuqisiRiOgS2xZISuFyvWLpbQutfWYKZKY9TUtKvvAAqM9sMlbTsQcu1ih4fBtnX8ms1CrqjYf8TGcTIpm6zZSuxf2RrSJnUslAv4t4N1TfDoVS7c8Q_Zyi_GZVxxX3Z3Zm8ZmOMV1qsJm7dyf0gZKsEsp5zh?purpose=fullsize\"\/><\/figure>\n\n\n\n<figure class=\"wp-block-image\"><img decoding=\"async\" src=\"https:\/\/images.openai.com\/static-rsc-4\/MVPa5dI_3SqDZLoiuK7Uxh1ADYhhlwYR-j1Uvx84ifd2uX6pJcf-n_6HLMevnl4Q-6YMTx9iGP4fPqKXAVfuvy1RjEW6dLEcYolo__tgoDWHGTWJkHN6kL1im9NSbx1QCJ2zk3pK4PKicyFkJL0SfCEZ3cE2No2VnUMyrb1bpR4?purpose=inline\" alt=\"https:\/\/images.openai.com\/static-rsc-4\/ZSOHrrMKddQU_OzXPgS9JgrTqSrHWBlnFOEIi3Tn_iDB3iwoN3s4yWiotmjzjJQH0oydA2Sfb98onAqIkzxuZGNdE-L0N9o8CN5yhAo7IaB9g5EmrTFFJDSm_VstCy6Qs7SEfZktTw7a3CjM94EVvkyh9oNyXkWR4idaj_8pbezFV2Ac_y6WBNFeFDfqpmZI?purpose=fullsize\"\/><\/figure>\n<\/figure>\n\n\n\n<p><\/p>\n\n\n\n<p>Chez\u00a0Ai Weiwei, le corps n\u2019est pas repr\u00e9sent\u00e9 de mani\u00e8re individuelle, mais \u00e0 travers des masses, des s\u00e9ries ou des fragments anonymes. L\u2019individu dispara\u00eet dans le collectif, la r\u00e9p\u00e9tition ou la standardisation.<\/p>\n\n\n\n<p>Ses \u0153uvres interrogent directement la\u00a0dimension politique du corps\u00a0: surveillance, contr\u00f4le \u00e9tatique, effacement de l\u2019identit\u00e9 individuelle. Le corps devient un \u00e9l\u00e9ment parmi d\u2019autres dans un syst\u00e8me global, perdant son unicit\u00e9 au profit d\u2019une logique de masse. (voir article sur <a href=\"https:\/\/anadel.fr\/index.php\/2026\/04\/18\/ai-weiwei\/\">Ai Weiwei<\/a>)<\/p>\n\n\n\n<p>Le corps est\u00a0dilu\u00e9 dans le collectif et transform\u00e9 en enjeu politique.<\/p>\n\n\n\n<h3 class=\"wp-block-heading\"><strong>Conclusion \u2013 entre disparition et persistance<\/strong><\/h3>\n\n\n\n<p>\u00c0 travers les \u0153uvres de ce chapitre, le corps cesse d\u2019\u00eatre une \u00e9vidence visible ou une pr\u00e9sence stable. Il n\u2019est plus donn\u00e9 comme forme identifiable, mais d\u00e9plac\u00e9 vers d\u2019autres r\u00e9gimes d\u2019existence : la trace, l\u2019objet, la m\u00e9moire, l\u2019image ou encore le signe politique. Chez Boltanski, il dispara\u00eet dans l\u2019archive et les restes anonymes ; chez Gonz\u00e1lez-Torres, il se dissout dans le partage, le temps et l\u2019absence ; chez Ai Weiwei, il se fragmente en objets collectifs et en t\u00e9moignages mat\u00e9riels d\u2019exils contemporains.<\/p>\n\n\n\n<p>Cette disparition n\u2019est pourtant jamais un effacement total. Le corps persiste autrement, sous des formes indirectes qui sollicitent le regard, la m\u00e9moire et parfois m\u00eame l\u2019action du spectateur. Il devient une pr\u00e9sence reconstitu\u00e9e, fragile et instable, qui ne tient plus \u00e0 sa mat\u00e9rialit\u00e9 mais \u00e0 ce qu\u2019elle laisse derri\u00e8re elle.<\/p>\n\n\n\n<p>Le corps m\u00e9ta-physique est ainsi un corps d\u00e9plac\u00e9 hors de lui-m\u00eame : il n\u2019existe plus comme entit\u00e9 visible, mais comme survivance. Entre disparition et persistance, il interroge notre capacit\u00e9 \u00e0 voir, \u00e0 comprendre et \u00e0 se souvenir de ce qui, pr\u00e9cis\u00e9ment, n\u2019est plus l\u00e0.<\/p>\n","protected":false},"excerpt":{"rendered":"<p>Ce chapitre rassemble des artistes pour lesquels le corps ne se pr\u00e9sente plus comme une pr\u00e9sence directe, mat\u00e9rielle ou technologique, mais comme une\u00a0trace, une disparition, une m\u00e9moire ou une construction mentale. Le corps n\u2019est plus donn\u00e9 dans sa totalit\u00e9 visible : il est \u00e9voqu\u00e9, fragment\u00e9, recompos\u00e9 ou m\u00eame effac\u00e9. Il devient une\u00a0question existentielle et politique,&hellip; <a class=\"more-link\" href=\"https:\/\/anadel.fr\/index.php\/2026\/04\/18\/corps-meta-physique-au-dela-du-corps-visible\/\">Continue reading <span class=\"screen-reader-text\">Corps m\u00e9ta-physique &#8211; au del\u00e0 du corps visible<\/span><\/a><\/p>\n","protected":false},"author":1,"featured_media":0,"comment_status":"open","ping_status":"open","sticky":false,"template":"","format":"standard","meta":{"footnotes":""},"categories":[1],"tags":[],"class_list":["post-3176","post","type-post","status-publish","format-standard","hentry","category-non-classe","entry"],"_links":{"self":[{"href":"https:\/\/anadel.fr\/index.php\/wp-json\/wp\/v2\/posts\/3176","targetHints":{"allow":["GET"]}}],"collection":[{"href":"https:\/\/anadel.fr\/index.php\/wp-json\/wp\/v2\/posts"}],"about":[{"href":"https:\/\/anadel.fr\/index.php\/wp-json\/wp\/v2\/types\/post"}],"author":[{"embeddable":true,"href":"https:\/\/anadel.fr\/index.php\/wp-json\/wp\/v2\/users\/1"}],"replies":[{"embeddable":true,"href":"https:\/\/anadel.fr\/index.php\/wp-json\/wp\/v2\/comments?post=3176"}],"version-history":[{"count":26,"href":"https:\/\/anadel.fr\/index.php\/wp-json\/wp\/v2\/posts\/3176\/revisions"}],"predecessor-version":[{"id":3264,"href":"https:\/\/anadel.fr\/index.php\/wp-json\/wp\/v2\/posts\/3176\/revisions\/3264"}],"wp:attachment":[{"href":"https:\/\/anadel.fr\/index.php\/wp-json\/wp\/v2\/media?parent=3176"}],"wp:term":[{"taxonomy":"category","embeddable":true,"href":"https:\/\/anadel.fr\/index.php\/wp-json\/wp\/v2\/categories?post=3176"},{"taxonomy":"post_tag","embeddable":true,"href":"https:\/\/anadel.fr\/index.php\/wp-json\/wp\/v2\/tags?post=3176"}],"curies":[{"name":"wp","href":"https:\/\/api.w.org\/{rel}","templated":true}]}}