{"id":3192,"date":"2026-04-18T19:44:49","date_gmt":"2026-04-18T17:44:49","guid":{"rendered":"https:\/\/anadel.fr\/?p=3192"},"modified":"2026-04-26T21:17:43","modified_gmt":"2026-04-26T19:17:43","slug":"christian-boltanski","status":"publish","type":"post","link":"https:\/\/anadel.fr\/index.php\/2026\/04\/18\/christian-boltanski\/","title":{"rendered":"Christian Boltanski"},"content":{"rendered":"\n<h4 class=\"wp-block-heading\">le corps absent et l\u2019irr\u00e9pr\u00e9sentable<\/h4>\n\n\n\n<p>Chez&nbsp;Christian Boltanski, la question du corps est indissociable de la m\u00e9moire et de l\u2019histoire. N\u00e9 \u00e0 Paris en 1944, au moment de la Lib\u00e9ration, d\u2019un p\u00e8re juif d\u2019origine russe et d\u2019une m\u00e8re corse chr\u00e9tienne, il grandit dans un contexte marqu\u00e9 par la clandestinit\u00e9 et la survie, son p\u00e8re ayant v\u00e9cu cach\u00e9 sous le plancher familial pour \u00e9chapper aux pers\u00e9cutions nazies. Cette exp\u00e9rience fondatrice irrigue profond\u00e9ment son \u0153uvre. <\/p>\n\n\n\n<p>D\u2019abord peintre, il s\u2019oriente \u00e0 partir des ann\u00e9es 1970 vers l\u2019installation et d\u00e9veloppe une pratique o\u00f9 se m\u00ealent r\u00e9alit\u00e9 et fiction. Partant d\u2019une mythologie personnelle li\u00e9e \u00e0 une enfance reconstruite, il \u00e9largit progressivement son travail \u00e0 une m\u00e9moire collective, en mobilisant photographies, v\u00eatements et objets anonymes. \u00c0 travers eux, il interroge de mani\u00e8re r\u00e9currente l\u2019existence, la disparition et la trace, en faisant affleurer, souvent de fa\u00e7on indirecte, les traumatismes de l\u2019histoire, notamment celui de la Shoah.<\/p>\n\n\n\n<figure class=\"wp-block-image size-full\"><img loading=\"lazy\" decoding=\"async\" width=\"500\" height=\"375\" src=\"https:\/\/anadel.fr\/wp-content\/uploads\/2026\/04\/Auschwitz_concentration_camp_I_13.jpg\" alt=\"\" class=\"wp-image-3197\" srcset=\"https:\/\/anadel.fr\/wp-content\/uploads\/2026\/04\/Auschwitz_concentration_camp_I_13.jpg 500w, https:\/\/anadel.fr\/wp-content\/uploads\/2026\/04\/Auschwitz_concentration_camp_I_13-300x225.jpg 300w\" sizes=\"auto, (max-width: 500px) 100vw, 500px\" \/><\/figure>\n\n\n\n<p class=\"has-text-align-center\">objets ayant appartenu aux d\u00e9port\u00e9s, mus\u00e9e d&#8217;Auschwitz<\/p>\n\n\n\n<p>Apr\u00e8s la destruction massive et industrielle des corps, leur repr\u00e9sentation devient probl\u00e9matique, voire impossible. L\u2019artiste se confronte \u00e0 cette impossibilit\u00e9 m\u00eame : <em>comment rendre visible ce qui a \u00e9t\u00e9 an\u00e9anti au point de ne plus pouvoir appara\u00eetre ?<\/em><\/p>\n\n\n\n<p>Cette interrogation est aussi nourrie par une histoire personnelle. Le p\u00e8re de Boltanski, juif, a surv\u00e9cu cach\u00e9 sous le plancher de l\u2019appartement familial pendant la guerre, exp\u00e9rience transmise dans le r\u00e9cit&nbsp;<em>La Cache<\/em> (\u00e9crit par son fr\u00e8re). Cette m\u00e9moire intime entre en r\u00e9sonance avec une m\u00e9moire collective marqu\u00e9e par la disparition de millions d\u2019individus.<\/p>\n\n\n\n<figure class=\"wp-block-gallery has-nested-images columns-default is-cropped wp-block-gallery-1 is-layout-flex wp-block-gallery-is-layout-flex\">\n<figure class=\"wp-block-image size-large\"><img loading=\"lazy\" decoding=\"async\" width=\"193\" height=\"183\" data-id=\"3201\" src=\"https:\/\/anadel.fr\/wp-content\/uploads\/2026\/04\/images-20.jpeg\" alt=\"\" class=\"wp-image-3201\"\/><\/figure>\n\n\n\n<figure class=\"wp-block-image size-large\"><img loading=\"lazy\" decoding=\"async\" width=\"193\" height=\"183\" data-id=\"3202\" src=\"https:\/\/anadel.fr\/wp-content\/uploads\/2026\/04\/images-21.jpeg\" alt=\"\" class=\"wp-image-3202\"\/><\/figure>\n<\/figure>\n\n\n\n<p class=\"has-text-align-center\">Christian Boltanski, <em>Personnes<\/em>, Monumenta, 2010, Grand Palais<\/p>\n\n\n\n<p>L\u2019installation&nbsp;<em>Personnes<\/em>, pr\u00e9sent\u00e9e en 2010 au Grand Palais dans le cadre de Monumenta, d\u00e9ploie cette r\u00e9flexion \u00e0 une \u00e9chelle monumentale. L\u2019immense nef, laiss\u00e9e volontairement sans chauffage en plein hiver, est envahie par une atmosph\u00e8re froide et silencieuse qui \u00e9voque un espace fun\u00e9raire. Le spectateur n\u2019y rencontre aucun corps, mais se trouve entour\u00e9 de signes qui en signalent l\u2019absence.<\/p>\n\n\n\n<p>Des alignements de casiers m\u00e9talliques rouill\u00e9s s\u2019\u00e9tendent sur toute la longueur de l\u2019espace, rappelant les syst\u00e8mes de classification et de num\u00e9rotation des camps. Ces contenants ferm\u00e9s, anonymes, sugg\u00e8rent des identit\u00e9s irr\u00e9m\u00e9diablement perdues, comme si toute tentative d\u2019acc\u00e8s \u00e0 ces existences \u00e9tait d\u00e9sormais impossible. \u00c0 proximit\u00e9, des masses de v\u00eatements usag\u00e9s sont dispos\u00e9es au sol, formant un paysage de restes. Ces habits, autrefois port\u00e9s, deviennent les ultimes t\u00e9moins de pr\u00e9sences disparues, renvoyant aux effets personnels confisqu\u00e9s et tri\u00e9s dans une logique industrielle de destruction.<\/p>\n\n\n\n<p>Dans cet environnement, des battements de c\u0153ur r\u00e9sonnent \u00e0 intervalles r\u00e9guliers. Enregistr\u00e9s dans le cadre de l\u2019Archive des c\u0153urs, ils introduisent une forme de vie persistante, fragile, presque fantomatique. Ce rythme vital contraste avec l\u2019immobilit\u00e9 des objets et transforme l\u2019espace en lieu hant\u00e9, o\u00f9 la vie continue de pulser au c\u0153ur m\u00eame de l\u2019absence. Au centre de l\u2019installation, une grue m\u00e9canique saisit puis rel\u00e2che des v\u00eatements de mani\u00e8re al\u00e9atoire. Ce geste r\u00e9p\u00e9titif, impersonnel, \u00e9voque la dimension arbitraire du destin : na\u00eetre \u00e0 un endroit plut\u00f4t qu\u2019\u00e0 un autre, \u00e0 une \u00e9poque donn\u00e9e, et basculer dans la survie ou la disparition sans raison.<\/p>\n\n\n\n<figure class=\"wp-block-image size-full\"><img loading=\"lazy\" decoding=\"async\" width=\"625\" height=\"480\" src=\"https:\/\/anadel.fr\/wp-content\/uploads\/2026\/04\/03EED38E37524CB58CFC4BC3C44B0E10.jpg\" alt=\"\" class=\"wp-image-3209\" srcset=\"https:\/\/anadel.fr\/wp-content\/uploads\/2026\/04\/03EED38E37524CB58CFC4BC3C44B0E10.jpg 625w, https:\/\/anadel.fr\/wp-content\/uploads\/2026\/04\/03EED38E37524CB58CFC4BC3C44B0E10-300x230.jpg 300w\" sizes=\"auto, (max-width: 625px) 100vw, 625px\" \/><\/figure>\n\n\n\n<p class=\"has-text-align-center\">Harun Farocki, <em>Images du monde, inscription de la guerre<\/em>, film<\/p>\n\n\n\n<p>Le travail de Boltanski peut \u00eatre rapproch\u00e9 de la r\u00e9flexion d\u00e9velopp\u00e9e par\u00a0Harun Farocki<sup>2<\/sup>\u00a0autour des images a\u00e9riennes d\u2019Auschwitz prises en 1941. Ces photographies montraient d\u00e9j\u00e0 les camps et les flux de d\u00e9port\u00e9s, mais elles n\u2019ont pas \u00e9t\u00e9 comprises \u00e0 l\u2019\u00e9poque. L\u2019horreur \u00e9tait pourtant l\u00e0, visible, mais elle restait invisible dans le regard. Cette id\u00e9e d\u2019une image qui montre sans r\u00e9v\u00e9ler rejoint profond\u00e9ment la d\u00e9marche de Boltanski : il ne s\u2019agit pas de repr\u00e9senter directement, mais de faire sentir l\u2019absence, de rendre perceptible ce qui \u00e9chappe \u00e0 la figuration.<\/p>\n\n\n\n<p>Ainsi,&nbsp;<em>Personnes<\/em>&nbsp;ne montre jamais le corps, mais ne cesse de l\u2019\u00e9voquer. Il subsiste \u00e0 travers ses traces mat\u00e9rielles, \u00e0 travers les rythmes enregistr\u00e9s qui t\u00e9moignent d\u2019une vie pass\u00e9e, \u00e0 travers les syst\u00e8mes qui l\u2019ont class\u00e9 et d\u00e9truit. Le spectateur est plong\u00e9 dans une exp\u00e9rience o\u00f9 la vue, le son et m\u00eame l\u2019odeur contribuent \u00e0 reconstruire une pr\u00e9sence qui n\u2019existe plus.<\/p>\n\n\n\n<p>Dans cette \u0153uvre, le corps devient irr\u00e9pr\u00e9sentable. Il ne peut plus appara\u00eetre comme image, mais persiste sous forme de traces, de m\u00e9moire et d\u2019absence. Boltanski construit ainsi un espace o\u00f9 la vie continue de hanter la mort, confrontant chacun \u00e0 la fragilit\u00e9 de l\u2019existence et \u00e0 la violence d\u2019une histoire qui exc\u00e8de toute repr\u00e9sentation.<\/p>\n\n\n\n<p>Sources :<\/p>\n\n\n\n<ol class=\"wp-block-list\">\n<li><a href=\"https:\/\/etab.ac-poitiers.fr\/coll-marennes\/sites\/coll-marennes\/IMG\/pdf\/christian_boltanski.pdf\">Personnes<\/a><\/li>\n\n\n\n<li><a href=\"https:\/\/www.film-documentaire.fr\/4DACTION\/w_fiche_film\/6660\">Images du monde, inscription de la guerre<\/a>, Harun Farocki<\/li>\n<\/ol>\n\n\n\n<hr class=\"wp-block-separator has-alpha-channel-opacity\"\/>\n\n\n\n<hr class=\"wp-block-separator has-alpha-channel-opacity\"\/>\n\n\n\n<h4 class=\"wp-block-heading\">Images du monde, inscription de la guerre<sup>2<\/sup><\/h4>\n\n\n\n<p>Le point central de ce documentaire repose sur une r\u00e9v\u00e9lation troublante : en 1944, alors que l\u2019existence des camps de concentration n\u2019est pas encore pleinement connue, une photographie a\u00e9rienne d\u2019Auschwitz est r\u00e9alis\u00e9e par l\u2019arm\u00e9e am\u00e9ricaine. Pourtant, bien que l\u2019image montre d\u00e9j\u00e0 des files humaines se dirigeant vers les installations de mise \u00e0 mort, ces \u00e9l\u00e9ments ne sont pas identifi\u00e9s comme tels. Les analystes, focalis\u00e9s sur leur objectif strat\u00e9gique &#8211; rep\u00e9rer des sites industriels \u00e0 bombarder &#8211; ne per\u00e7oivent pas ce qui est pourtant visible.<\/p>\n\n\n\n<p>\u00c0 partir de cet exemple, Farocki interroge la nature m\u00eame de l\u2019image et les limites de sa lisibilit\u00e9. Voir ne signifie pas comprendre : une image peut contenir une r\u00e9alit\u00e9, tout en \u00e9chappant au regard qui la produit ou l\u2019interpr\u00e8te. Il souligne ainsi la violence implicite d\u2019une vision automatis\u00e9e, conditionn\u00e9e par des cadres d\u2019analyse qui emp\u00eachent d\u2019acc\u00e9der au sens.<\/p>\n\n\n\n<p>Comme il l\u2019exprime, il est n\u00e9cessaire de se m\u00e9fier des images autant que des mots, car tous deux s\u2019inscrivent dans des syst\u00e8mes de significations qui orientent leur lecture. Son travail consiste alors \u00e0 faire \u00e9merger ce qui reste enfoui, \u00e0 d\u00e9gager un sens occult\u00e9 en levant les obstacles qui emp\u00eachent v\u00e9ritablement de voir.<\/p>\n","protected":false},"excerpt":{"rendered":"<p>le corps absent et l\u2019irr\u00e9pr\u00e9sentable Chez&nbsp;Christian Boltanski, la question du corps est indissociable de la m\u00e9moire et de l\u2019histoire. N\u00e9 \u00e0 Paris en 1944, au moment de la Lib\u00e9ration, d\u2019un p\u00e8re juif d\u2019origine russe et d\u2019une m\u00e8re corse chr\u00e9tienne, il grandit dans un contexte marqu\u00e9 par la clandestinit\u00e9 et la survie, son p\u00e8re ayant v\u00e9cu&hellip; <a class=\"more-link\" href=\"https:\/\/anadel.fr\/index.php\/2026\/04\/18\/christian-boltanski\/\">Continue reading <span class=\"screen-reader-text\">Christian Boltanski<\/span><\/a><\/p>\n","protected":false},"author":1,"featured_media":0,"comment_status":"open","ping_status":"open","sticky":false,"template":"","format":"standard","meta":{"footnotes":""},"categories":[1],"tags":[],"class_list":["post-3192","post","type-post","status-publish","format-standard","hentry","category-non-classe","entry"],"_links":{"self":[{"href":"https:\/\/anadel.fr\/index.php\/wp-json\/wp\/v2\/posts\/3192","targetHints":{"allow":["GET"]}}],"collection":[{"href":"https:\/\/anadel.fr\/index.php\/wp-json\/wp\/v2\/posts"}],"about":[{"href":"https:\/\/anadel.fr\/index.php\/wp-json\/wp\/v2\/types\/post"}],"author":[{"embeddable":true,"href":"https:\/\/anadel.fr\/index.php\/wp-json\/wp\/v2\/users\/1"}],"replies":[{"embeddable":true,"href":"https:\/\/anadel.fr\/index.php\/wp-json\/wp\/v2\/comments?post=3192"}],"version-history":[{"count":17,"href":"https:\/\/anadel.fr\/index.php\/wp-json\/wp\/v2\/posts\/3192\/revisions"}],"predecessor-version":[{"id":3279,"href":"https:\/\/anadel.fr\/index.php\/wp-json\/wp\/v2\/posts\/3192\/revisions\/3279"}],"wp:attachment":[{"href":"https:\/\/anadel.fr\/index.php\/wp-json\/wp\/v2\/media?parent=3192"}],"wp:term":[{"taxonomy":"category","embeddable":true,"href":"https:\/\/anadel.fr\/index.php\/wp-json\/wp\/v2\/categories?post=3192"},{"taxonomy":"post_tag","embeddable":true,"href":"https:\/\/anadel.fr\/index.php\/wp-json\/wp\/v2\/tags?post=3192"}],"curies":[{"name":"wp","href":"https:\/\/api.w.org\/{rel}","templated":true}]}}