{"id":836,"date":"2025-12-04T20:50:03","date_gmt":"2025-12-04T19:50:03","guid":{"rendered":"https:\/\/anadel.fr\/?p=836"},"modified":"2025-12-04T23:42:09","modified_gmt":"2025-12-04T22:42:09","slug":"femmes-en-images","status":"publish","type":"post","link":"https:\/\/anadel.fr\/index.php\/2025\/12\/04\/femmes-en-images\/","title":{"rendered":"Femmes en images"},"content":{"rendered":"\n<h3 class=\"wp-block-heading\">Un voyage dans l&#8217;histoire de l&#8217;art au f\u00e9minin-<\/h3>\n\n\n\n<p>un espace o\u00f9 chaque article raconte une rencontre avec une \u0153uvre &#8211; et toujours, avec une femme.<\/p>\n\n\n\n<p>Depuis la pr\u00e9histoire jusqu\u2019\u00e0 l\u2019art contemporain, les femmes ont \u00e9t\u00e9 repr\u00e9sent\u00e9es comme&nbsp;<strong>dieux vivants, muses silencieuses, mod\u00e8les id\u00e9alis\u00e9s, anonymes oubli\u00e9es, h\u00e9ro\u00efnes, scandales, amantes, souveraines, artistes et combattantes<\/strong>.<br><\/p>\n\n\n\n<p>Ce blog explore ces images une par une, non pour faire un cours magistral, mais pour offrir\u00a0un r\u00e9cit sensible, document\u00e9 et accessible.<\/p>\n\n\n\n<p>On s\u2019attache \u00e0 comprendre :<\/p>\n\n\n\n<ul class=\"wp-block-list\">\n<li>Comment les artistes ont fa\u00e7onn\u00e9 l\u2019image du f\u00e9minin ;<\/li>\n\n\n\n<li>Comment les femmes ont \u00e9t\u00e9 regard\u00e9es ;<\/li>\n\n\n\n<li>Et comment, peu \u00e0 peu, elles se sont mises \u00e0 regarder en retour<strong>.<\/strong><\/li>\n<\/ul>\n\n\n\n<p>Chaque article est une histoire. Une plong\u00e9e dans un visage, un geste, un regard, un scandale, une vie. On traverse les si\u00e8cles, de la V\u00e9nus de Willendorf \u00e0 Frida Kahlo, d\u2019Olympia \u00e0 la Comtesse de Castiglione, pour suivre les m\u00e9tamorphoses du f\u00e9minin dans l\u2019art.<\/p>\n\n\n\n<p>Au fil de ce voyage, un constat s\u2019impose : repr\u00e9senter une femme n\u2019est jamais anodin. C\u2019est un miroir tendu \u00e0 toute une culture, une \u00e9poque, une mani\u00e8re d\u2019\u00eatre au monde.<\/p>\n","protected":false},"excerpt":{"rendered":"<p>Un voyage dans l&#8217;histoire de l&#8217;art au f\u00e9minin- un espace o\u00f9 chaque article raconte une rencontre avec une \u0153uvre &#8211; et toujours, avec une femme. Depuis la pr\u00e9histoire jusqu\u2019\u00e0 l\u2019art contemporain, les femmes ont \u00e9t\u00e9 repr\u00e9sent\u00e9es comme&nbsp;dieux vivants, muses silencieuses, mod\u00e8les id\u00e9alis\u00e9s, anonymes oubli\u00e9es, h\u00e9ro\u00efnes, scandales, amantes, souveraines, artistes et combattantes. Ce blog explore ces&hellip; <a class=\"more-link\" href=\"https:\/\/anadel.fr\/index.php\/2025\/12\/04\/femmes-en-images\/\">Continue reading <span class=\"screen-reader-text\">Femmes en images<\/span><\/a><\/p>\n","protected":false},"author":1,"featured_media":0,"comment_status":"open","ping_status":"open","sticky":false,"template":"","format":"standard","meta":{"footnotes":""},"categories":[1],"tags":[],"class_list":["post-836","post","type-post","status-publish","format-standard","hentry","category-non-classe","entry"],"_links":{"self":[{"href":"https:\/\/anadel.fr\/index.php\/wp-json\/wp\/v2\/posts\/836","targetHints":{"allow":["GET"]}}],"collection":[{"href":"https:\/\/anadel.fr\/index.php\/wp-json\/wp\/v2\/posts"}],"about":[{"href":"https:\/\/anadel.fr\/index.php\/wp-json\/wp\/v2\/types\/post"}],"author":[{"embeddable":true,"href":"https:\/\/anadel.fr\/index.php\/wp-json\/wp\/v2\/users\/1"}],"replies":[{"embeddable":true,"href":"https:\/\/anadel.fr\/index.php\/wp-json\/wp\/v2\/comments?post=836"}],"version-history":[{"count":5,"href":"https:\/\/anadel.fr\/index.php\/wp-json\/wp\/v2\/posts\/836\/revisions"}],"predecessor-version":[{"id":890,"href":"https:\/\/anadel.fr\/index.php\/wp-json\/wp\/v2\/posts\/836\/revisions\/890"}],"wp:attachment":[{"href":"https:\/\/anadel.fr\/index.php\/wp-json\/wp\/v2\/media?parent=836"}],"wp:term":[{"taxonomy":"category","embeddable":true,"href":"https:\/\/anadel.fr\/index.php\/wp-json\/wp\/v2\/categories?post=836"},{"taxonomy":"post_tag","embeddable":true,"href":"https:\/\/anadel.fr\/index.php\/wp-json\/wp\/v2\/tags?post=836"}],"curies":[{"name":"wp","href":"https:\/\/api.w.org\/{rel}","templated":true}]}}