{"id":996,"date":"2025-12-06T21:25:56","date_gmt":"2025-12-06T20:25:56","guid":{"rendered":"https:\/\/anadel.fr\/?p=996"},"modified":"2025-12-06T21:29:10","modified_gmt":"2025-12-06T20:29:10","slug":"lhomme-de-vitruve","status":"publish","type":"post","link":"https:\/\/anadel.fr\/index.php\/2025\/12\/06\/lhomme-de-vitruve\/","title":{"rendered":"L&#8217;Homme de Vitruve"},"content":{"rendered":"\n<h2 class=\"wp-block-heading\"><strong>quand L\u00e9onard trace le portrait id\u00e9al de l\u2019humanit\u00e9<\/strong><\/h2>\n\n\n\n<p>On le voit partout : sur les couvertures de manuels, dans des logos, sur des infographies, sur des mugs m\u00eame. Silhouette aux bras ouverts, inscrite \u00e0 la fois dans un cercle et un carr\u00e9\u2026<em>&nbsp;L\u2019Homme de Vitruve<\/em>&nbsp;est devenu l\u2019image universelle de l\u2019harmonie parfaite.<br>Mais derri\u00e8re ce dessin mondialement partag\u00e9 se cache l\u2019une des aventures intellectuelles les plus fascinantes de la Renaissance.<\/p>\n\n\n\n<figure class=\"wp-block-image size-large\"><img loading=\"lazy\" decoding=\"async\" width=\"721\" height=\"1024\" src=\"https:\/\/anadel.fr\/wp-content\/uploads\/2025\/12\/Vitruvian_Man_by_Leonardo_da_Vinci-721x1024.jpg\" alt=\"\" class=\"wp-image-918\" srcset=\"https:\/\/anadel.fr\/wp-content\/uploads\/2025\/12\/Vitruvian_Man_by_Leonardo_da_Vinci-721x1024.jpg 721w, https:\/\/anadel.fr\/wp-content\/uploads\/2025\/12\/Vitruvian_Man_by_Leonardo_da_Vinci-211x300.jpg 211w, https:\/\/anadel.fr\/wp-content\/uploads\/2025\/12\/Vitruvian_Man_by_Leonardo_da_Vinci-768x1091.jpg 768w, https:\/\/anadel.fr\/wp-content\/uploads\/2025\/12\/Vitruvian_Man_by_Leonardo_da_Vinci.jpg 960w\" sizes=\"auto, (max-width: 721px) 100vw, 721px\" \/><\/figure>\n\n\n\n<p class=\"has-text-align-center\">L\u00e9onard de Vinci, <em>l&#8217;Homme de Vitruve<\/em>, 1492, dessin \u00e0 la plume<\/p>\n\n\n\n<p class=\"has-text-align-center\">source photo : <a href=\"https:\/\/fr.wikipedia.org\/wiki\/Homme_de_Vitruve\">Wikip\u00e9dia<\/a><\/p>\n\n\n\n<hr class=\"wp-block-separator has-alpha-channel-opacity\"\/>\n\n\n\n<h5 class=\"wp-block-heading\"><strong>Un dessin, deux formes, mille id\u00e9es<\/strong><\/h5>\n\n\n\n<p>Vers 1490, L\u00e9onard de Vinci ouvre les pages du&nbsp;<em>De Architectura<\/em>, trait\u00e9 d\u2019architecture \u00e9crit 1 500 ans plus t\u00f4t par l\u2019ing\u00e9nieur romain Vitruve. Celui-ci y explique que le corps humain est le mod\u00e8le le plus parfait de proportion, et qu\u2019un homme, bras et jambes \u00e9cart\u00e9s, peut s\u2019inscrire id\u00e9alement dans un cercle et un carr\u00e9 : la g\u00e9om\u00e9trie incarn\u00e9e.<\/p>\n\n\n\n<p>L\u00e9onard lit, r\u00e9fl\u00e9chit\u2026 et constate que les sch\u00e9mas de Vitruve ne fonctionnent pas vraiment. Alors il adapte, en proposant une solution graphique \u00e0 un texte ambigu. Il dessine un homme nu aux proportions id\u00e9ales et le repr\u00e9sente en deux positions superpos\u00e9es sur la m\u00eame feuille : dans l\u2019une, plus stable et verticale, la figure s\u2019inscrit dans le carr\u00e9 ; dans l\u2019autre, les bras et les jambes s\u2019\u00e9cartent pour atteindre le contour du cercle. De cette simple superposition na\u00eet une image vertigineuse, o\u00f9 le corps humain devient le point de rencontre entre g\u00e9om\u00e9trie, cosmos et anatomie.<\/p>\n\n\n\n<hr class=\"wp-block-separator has-alpha-channel-opacity\"\/>\n\n\n\n<h5 class=\"wp-block-heading\">Quand la Renaissance se met \u00e0 r\u00eaver d\u2019harmonie<\/h5>\n\n\n\n<p>Pour L\u00e9onard, l\u2019Homme de Vitruve n\u2019est pas un exercice graphique : c\u2019est une th\u00e8se visuelle. La Renaissance croit que l\u2019homme est un &#8220;microcosme&#8221;, un reflet miniature de l\u2019ordre du monde. Le cercle \u00e9voque le divin, le cosmos, la perfection. Le carr\u00e9, lui, renvoie au monde terrestre, humain, mesurable.<\/p>\n\n\n\n<p>L\u00e9onard place le corps&nbsp;au centre des deux.<\/p>\n\n\n\n<p>Ce dessin devient ainsi un manifeste : l\u2019\u00eatre humain, par sa raison et sa capacit\u00e9 \u00e0 comprendre le monde, peut renouer avec une harmonie perdue.<\/p>\n\n\n\n<hr class=\"wp-block-separator has-alpha-channel-opacity\"\/>\n\n\n\n<h5 class=\"wp-block-heading\">Un chef-d\u2019\u0153uvre d\u2019anatomie\u2026 et de g\u00e9nie<\/h5>\n\n\n\n<p>On oublie souvent que <em>l\u2019Homme de Vitruve<\/em> n\u2019est pas seulement un symbole, mais aussi une v\u00e9ritable \u00e9tude scientifique des proportions du corps humain. Anatomiste d\u2019une pr\u00e9cision obsessionnelle, L\u00e9onard multiplie dissections, croquis et mesures, puis v\u00e9rifie et corrige ses donn\u00e9es pour ajuster la largeur des \u00e9paules, la longueur des bras, la position du nombril comme centre du cercle, la taille de la t\u00eate par rapport au reste du corps et l\u2019\u00e9cartement des membres n\u00e9cessaire pour faire co\u00efncider carr\u00e9 et cercle. Dans ce dessin, chaque ligne r\u00e9pond ainsi \u00e0 un calcul, chaque trait teste une hypoth\u00e8se : c\u2019est une image qui pense, o\u00f9 le dessin devient un instrument de connaissance autant qu\u2019une figure embl\u00e9matique.<a href=\"https:\/\/pubmed.ncbi.nlm.nih.gov\/18951824\/\" target=\"_blank\" rel=\"noreferrer noopener\"><\/a>\u200b<\/p>\n\n\n\n<hr class=\"wp-block-separator has-alpha-channel-opacity\"\/>\n\n\n\n<h5 class=\"wp-block-heading\">Un symbole devenu plan\u00e9taire<\/h5>\n\n\n\n<p>L\u00e9onard n\u2019a sans doute jamais imagin\u00e9 que ce croquis deviendrait une ic\u00f4ne mondiale, mais l\u2019image concentre tout ce qui s\u00e9duit la modernit\u00e9 : une construction d\u2019une grande simplicit\u00e9, lisible en un coup d\u2019\u0153il, qui parle \u00e0 la fois de science et d\u2019humain, donne une impression d\u2019\u00e9quilibre et de perfection, et symbolise la rencontre entre art et savoir. C\u2019est pourquoi on la retrouve aujourd\u2019hui partout, des \u00e9coles de design aux facult\u00e9s de m\u00e9decine, chez les kin\u00e9sith\u00e9rapeutes, les agences spatiales ou les entreprises de technologie, jusqu\u2019aux institutions politiques &#8211; l\u2019Italie l\u2019a m\u00eame choisie pour ses pi\u00e8ces d\u2019un euro \u2013, au point que le dessin est devenu l\u2019un des embl\u00e8mes les plus puissants de l\u2019humanisme contemporain.<\/p>\n\n\n\n<figure class=\"wp-block-image size-full is-resized\"><img loading=\"lazy\" decoding=\"async\" width=\"1200\" height=\"675\" src=\"https:\/\/anadel.fr\/wp-content\/uploads\/2025\/12\/piece-de-1-euro-lhomme-de-vitruve.jpg\" alt=\"\" class=\"wp-image-998\" style=\"width:272px;height:auto\" srcset=\"https:\/\/anadel.fr\/wp-content\/uploads\/2025\/12\/piece-de-1-euro-lhomme-de-vitruve.jpg 1200w, https:\/\/anadel.fr\/wp-content\/uploads\/2025\/12\/piece-de-1-euro-lhomme-de-vitruve-300x169.jpg 300w, https:\/\/anadel.fr\/wp-content\/uploads\/2025\/12\/piece-de-1-euro-lhomme-de-vitruve-1024x576.jpg 1024w, https:\/\/anadel.fr\/wp-content\/uploads\/2025\/12\/piece-de-1-euro-lhomme-de-vitruve-768x432.jpg 768w\" sizes=\"auto, (max-width: 1200px) 100vw, 1200px\" \/><\/figure>\n\n\n\n<p class=\"has-text-align-center\">pi\u00e8ce de 1 euro&#8230; <a href=\"https:\/\/www.cafebabel.fr\/culture\/cette-piece-de-1-euro-vaut-de-lor-grace-a-lhomme-de-vitruve\/\">qui en vaut des milliers<\/a><\/p>\n\n\n\n<hr class=\"wp-block-separator has-alpha-channel-opacity\"\/>\n\n\n\n<p><strong>Un id\u00e9al\u2026 qui pose aussi question<\/strong><\/p>\n\n\n\n<p>Avec le recul, plusieurs historien\u00b7nes de l\u2019art soulignent que <em>l\u2019Homme de Vitruve<\/em> propose une vision tr\u00e8s normative du corps : jeune, masculin, harmonieusement proportionn\u00e9 selon les canons h\u00e9rit\u00e9s de l\u2019Antiquit\u00e9 gr\u00e9co\u2011romaine. Il ne montre \u00e9videmment pas &#8220;le&#8221; corps humain dans sa diversit\u00e9, mais un corps id\u00e9al, abstrait, pens\u00e9 comme mesure universelle, ce qui en fait un document d\u2019autant plus fascinant : il m\u00eale observation et projection, r\u00e9alit\u00e9 anatomique et fantasme de perfection. <\/p>\n\n\n\n<p>La Renaissance cherchait un mod\u00e8le ; L\u00e9onard, avec ce dessin, lui a offert une v\u00e9ritable ic\u00f4ne.<\/p>\n\n\n\n<hr class=\"wp-block-separator has-alpha-channel-opacity\"\/>\n\n\n\n<h5 class=\"wp-block-heading\">Une le\u00e7on de L\u00e9onard : dessiner pour comprendre<\/h5>\n\n\n\n<p>Au fond, <em>l\u2019Homme de Vitruve<\/em> n\u2019est pas un symbole fig\u00e9. C\u2019est un dessin de recherche, un dessin de pens\u00e9e. Ce qui le rend si vivant, si moderne, c\u2019est qu\u2019il ne propose pas une r\u00e9ponse mais une qu\u00eate : comment comprendre le monde en comprenant le corps ? Comment unir l\u2019art, la science, la philosophie ?<\/p>\n\n\n\n<p>L\u00e9onard r\u00e9pond par une image.<br>Et six si\u00e8cles plus tard, elle continue d\u2019irradier.<\/p>\n\n\n\n<hr class=\"wp-block-separator has-alpha-channel-opacity\"\/>\n","protected":false},"excerpt":{"rendered":"<p>quand L\u00e9onard trace le portrait id\u00e9al de l\u2019humanit\u00e9 On le voit partout : sur les couvertures de manuels, dans des logos, sur des infographies, sur des mugs m\u00eame. Silhouette aux bras ouverts, inscrite \u00e0 la fois dans un cercle et un carr\u00e9\u2026&nbsp;L\u2019Homme de Vitruve&nbsp;est devenu l\u2019image universelle de l\u2019harmonie parfaite.Mais derri\u00e8re ce dessin mondialement partag\u00e9&hellip; <a class=\"more-link\" href=\"https:\/\/anadel.fr\/index.php\/2025\/12\/06\/lhomme-de-vitruve\/\">Continue reading <span class=\"screen-reader-text\">L&#8217;Homme de Vitruve<\/span><\/a><\/p>\n","protected":false},"author":1,"featured_media":0,"comment_status":"open","ping_status":"open","sticky":false,"template":"","format":"standard","meta":{"footnotes":""},"categories":[5],"tags":[],"class_list":["post-996","post","type-post","status-publish","format-standard","hentry","category-intermedes-le-corps-dans-lhistoire-de-lart","entry"],"_links":{"self":[{"href":"https:\/\/anadel.fr\/index.php\/wp-json\/wp\/v2\/posts\/996","targetHints":{"allow":["GET"]}}],"collection":[{"href":"https:\/\/anadel.fr\/index.php\/wp-json\/wp\/v2\/posts"}],"about":[{"href":"https:\/\/anadel.fr\/index.php\/wp-json\/wp\/v2\/types\/post"}],"author":[{"embeddable":true,"href":"https:\/\/anadel.fr\/index.php\/wp-json\/wp\/v2\/users\/1"}],"replies":[{"embeddable":true,"href":"https:\/\/anadel.fr\/index.php\/wp-json\/wp\/v2\/comments?post=996"}],"version-history":[{"count":3,"href":"https:\/\/anadel.fr\/index.php\/wp-json\/wp\/v2\/posts\/996\/revisions"}],"predecessor-version":[{"id":1002,"href":"https:\/\/anadel.fr\/index.php\/wp-json\/wp\/v2\/posts\/996\/revisions\/1002"}],"wp:attachment":[{"href":"https:\/\/anadel.fr\/index.php\/wp-json\/wp\/v2\/media?parent=996"}],"wp:term":[{"taxonomy":"category","embeddable":true,"href":"https:\/\/anadel.fr\/index.php\/wp-json\/wp\/v2\/categories?post=996"},{"taxonomy":"post_tag","embeddable":true,"href":"https:\/\/anadel.fr\/index.php\/wp-json\/wp\/v2\/tags?post=996"}],"curies":[{"name":"wp","href":"https:\/\/api.w.org\/{rel}","templated":true}]}}